{"id":13496,"date":"2025-05-21T21:41:36","date_gmt":"2025-05-21T19:41:36","guid":{"rendered":"https:\/\/littlebig.sk\/?p=13496"},"modified":"2025-06-09T20:27:23","modified_gmt":"2025-06-09T18:27:23","slug":"ked-dieta-nechce-ist-do-skolky","status":"publish","type":"post","link":"https:\/\/littlebig.sk\/en\/ked-dieta-nechce-ist-do-skolky\/","title":{"rendered":"R\u00e1no, ke\u010f die\u0165a nechce \u00eds\u0165 do \u0161k\u00f4lky \u2013 o pravde, ktor\u00fa si nechceme pripusti\u0165"},"content":{"rendered":"<p>Pla\u010d, odmietanie, hnev, vzdor\u2026 Niektor\u00e9 r\u00e1na ke\u010f die\u0165a nechce \u00eds\u0165 do \u0161k\u00f4lky s\u00fa jednoducho \u0165a\u017ek\u00e9. Rodi\u010dia niekedy odch\u00e1dzaj\u00fa zo \u0161k\u00f4lky s \u0165a\u017ek\u00fdm srdcom, ke\u010f za sebou po\u010duj\u00fa krik svojho die\u0165a\u0165a. Niekedy sa v n\u00e1s ozve pochybnos\u0165 \u2013 rob\u00edm dobre? Je t\u00e1to \u0161k\u00f4lka v poriadku? Je moje die\u0165a v poriadku? A \u010dastokr\u00e1t pr\u00edde aj v\u00fd\u010ditka \u2013 pre\u010do ho tam vlastne d\u00e1vam, ke\u010f tak pla\u010de?<\/p>\n\n\n\n<h2 class=\"wp-block-heading has-large-font-size\">Prv\u00e1 vec, ktor\u00fa si treba dovoli\u0165 ke\u010f die\u0165a r\u00e1no nechce \u00eds\u0165 do \u0161k\u00f4lky je pripusti\u0165 pravdu&nbsp;<\/h2>\n\n\n\n<p>Nie ka\u017ed\u00e9 die\u0165a ide r\u00e1no do \u0161k\u00f4lky s \u00fasmevom. A nie ka\u017ed\u00e9mu die\u0165a\u0165u je v \u0161k\u00f4lke dobre ka\u017ed\u00fd jeden de\u0148. Niekedy jednoducho nem\u00e1 chu\u0165 tam \u00eds\u0165, nec\u00edti sa bezpe\u010dne, alebo je mu len jednoducho smutno za rodi\u010dom.&nbsp;<strong>To nie je chyba \u0161k\u00f4lky, ani chyba die\u0165a\u0165a, ani chyba rodi\u010da.<\/strong><\/p>\n\n\n\n<p>Z poh\u013eadu die\u0165a\u0165a je \u00faplne logick\u00e9, \u017ee nechce by\u0165 oddelen\u00e9 od mamy \u010di otca. Die\u0165a nevn\u00edma d\u00f4vody, pre\u010do mus\u00ed rodi\u010d \u00eds\u0165 do pr\u00e1ce, nevid\u00ed logistiku rodinn\u00e9ho rozpo\u010dtu ani potrebu \u201efungova\u0165\u201c. Vid\u00ed len to, \u017ee mus\u00ed \u00eds\u0165 niekam, kde to mo\u017eno nie je celkom pod\u013ea jeho predst\u00e1v. A \u017ee rodi\u010d odch\u00e1dza.<\/p>\n\n\n\n<figure class=\"wp-block-image size-large\"><img fetchpriority=\"high\" decoding=\"async\" width=\"1024\" height=\"682\" src=\"https:\/\/littlebig.sk\/wp-content\/uploads\/2025\/05\/pexels-baphi-1361766-1024x682.jpg\" alt=\"otec nesie pla\u010d\u00faceho syna, ilustruje situ\u00e1ciu, ke\u010f die\u0165a nechce \u00eds\u0165 do \u0161k\u00f4lky a pre\u017e\u00edva sm\u00fatok\" class=\"wp-image-13497\" srcset=\"https:\/\/littlebig.sk\/wp-content\/uploads\/2025\/05\/pexels-baphi-1361766-1024x682.jpg 1024w, https:\/\/littlebig.sk\/wp-content\/uploads\/2025\/05\/pexels-baphi-1361766-300x200.jpg 300w, https:\/\/littlebig.sk\/wp-content\/uploads\/2025\/05\/pexels-baphi-1361766-768x511.jpg 768w, https:\/\/littlebig.sk\/wp-content\/uploads\/2025\/05\/pexels-baphi-1361766-1536x1022.jpg 1536w, https:\/\/littlebig.sk\/wp-content\/uploads\/2025\/05\/pexels-baphi-1361766-18x12.jpg 18w, https:\/\/littlebig.sk\/wp-content\/uploads\/2025\/05\/pexels-baphi-1361766.jpg 1920w\" sizes=\"(max-width: 1024px) 100vw, 1024px\" \/><\/figure>\n\n\n\n<p class=\"has-small-font-size\"><a href=\"https:\/\/www.pexels.com\/photo\/man-carrying-child-1361766\/\">Zdroj ilustra\u010dn\u00e9ho obr\u00e1zku : Pexels<\/a><\/p>\n\n\n\n<p>Z poh\u013eadu rodi\u010da je zase \u010dasto \u0161k\u00f4lka nutn\u00e9 rie\u0161enie, ktor\u00e9 je z\u00e1rove\u0148 aj to najlep\u0161ie dostupn\u00e9 rie\u0161enie. Rodi\u010d mus\u00ed pracova\u0165, \u017eivi\u0165 rodinu, niekedy si mus\u00ed vyd\u00fdchnu\u0165, postara\u0165 sa o seba alebo o in\u00e9 deti. J<strong>e \u00faplne v poriadku, \u017ee si zvol\u00ed mo\u017enos\u0165 da\u0165 die\u0165a do \u0161k\u00f4lky, kde o\u0148 bude postaran\u00e9 s l\u00e1skou.<\/strong><\/p>\n\n\n\n<h2 class=\"wp-block-heading has-large-font-size\"><strong>Tu vznik\u00e1 priestor na porozumeni<\/strong>e<\/h2>\n\n\n\n<p>\u010co ak die\u0165a\u0165u naozaj nie je dobre? \u010co ak to, \u017ee die\u0165a nechce chodi\u0165 do \u0161k\u00f4lky nie je rozmar ani manipul\u00e1cia, ale <strong>re\u00e1lna em\u00f3cia, ktor\u00fa my len nechceme vidie\u0165, lebo by bolela?<\/strong><\/p>\n\n\n\n<p>Lebo ak by sme si priznali, \u017ee na\u0161e die\u0165a nechce \u00eds\u0165 do \u0161k\u00f4lky, mo\u017eno by to v n\u00e1s nie\u010do otvorilo.<\/p>\n\n\n\n<p>Mo\u017eno pocit viny. Mo\u017eno sm\u00fatok. Mo\u017eno hnev, \u017ee mus\u00edme \u00eds\u0165 do pr\u00e1ce a nem\u00f4\u017eeme by\u0165 s n\u00edm doma. Alebo s n\u00edm jednoducho doma vydr\u017ea\u0165 nedok\u00e1\u017eeme. Mo\u017eno len bezmocnos\u0165, \u017ee mus\u00edme robi\u0165 rozhodnutia, ktor\u00e9 nie s\u00fa ide\u00e1lne ani pre n\u00e1s, ani pre die\u0165a.<\/p>\n\n\n\n<p>My dospel\u00ed m\u00e1me tendenciu hne\u010f prepn\u00fa\u0165 do re\u017eimu \u201epresved\u010di\u0165 ho\u201c. Poveda\u0165 die\u0165a\u0165u:<\/p>\n\n\n\n<p class=\"has-text-align-center\">\u201cTo ni\u010d nie je\u201d.<\/p>\n\n\n\n<p class=\"has-text-align-center\">&#8222;Bude\u0161 sa tam ma\u0165 dobre.&#8220;<\/p>\n\n\n\n<p class=\"has-text-align-center\">\u201cPredsa v\u010dera si tam bol\/a r\u00e1d\/a.\u201d<\/p>\n\n\n\n<p class=\"has-text-align-center\">\u201cBud\u00fa tam tvoji kamar\u00e1ti.\u201d<\/p>\n\n\n\n<p class=\"has-text-align-center\">\u201cTo prejde.\u201d<\/p>\n\n\n\n<p>A v tom v\u0161etkom zab\u00fadame na jednu vec \u2013&nbsp;<strong>\u017ee die\u0165a nepotrebuje, aby sme to vyrie\u0161ili. Potrebuje, aby sme mu verili &#8211; aby sme verili v to, \u010do c\u00edti.<\/strong><\/p>\n\n\n\n<p>Aby sme mu povedali:<\/p>\n\n\n\n<p class=\"has-text-align-center\">\u201eVid\u00edm, \u017ee sa ti tam dnes v\u00f4bec nechce. \u00daplne to ch\u00e1pem.\u201c<\/p>\n\n\n\n<p class=\"has-text-align-center\">\u201eNechce\u0161 ma pusti\u0165. Je ti smutno. Je ti \u0165a\u017eko. M\u00e1\u0161 pr\u00e1vo to c\u00edti\u0165.\u201c<\/p>\n\n\n\n<p class=\"has-text-align-center\">\u201eNeviem to zmeni\u0165. Ale som tu a vn\u00edmam \u0165a.\u201c<\/p>\n\n\n\n<p class=\"has-text-align-center\">\u201eAj ke\u010f ti je teraz smutno, viem, \u017ee to zvl\u00e1dne\u0161. Poobede sa na teba ve\u013emi te\u0161\u00edm.\u201c<\/p>\n\n\n\n<figure class=\"wp-block-image size-large\"><img decoding=\"async\" width=\"1024\" height=\"684\" src=\"https:\/\/littlebig.sk\/wp-content\/uploads\/2025\/05\/pexels-kampus-7078729-1024x684.jpg\" alt=\"dospel\u00e1 osoba sa skl\u00e1\u0148a k mal\u00e9mu die\u0165a\u0165u a ute\u0161uje ho, symbolizuje rodi\u010dovsk\u00fa podporu, ke\u010f die\u0165a nechce \u00eds\u0165 do \u0161k\u00f4lky\" class=\"wp-image-13498\" srcset=\"https:\/\/littlebig.sk\/wp-content\/uploads\/2025\/05\/pexels-kampus-7078729-1024x684.jpg 1024w, https:\/\/littlebig.sk\/wp-content\/uploads\/2025\/05\/pexels-kampus-7078729-300x200.jpg 300w, https:\/\/littlebig.sk\/wp-content\/uploads\/2025\/05\/pexels-kampus-7078729-768x513.jpg 768w, https:\/\/littlebig.sk\/wp-content\/uploads\/2025\/05\/pexels-kampus-7078729-1536x1026.jpg 1536w, https:\/\/littlebig.sk\/wp-content\/uploads\/2025\/05\/pexels-kampus-7078729-18x12.jpg 18w, https:\/\/littlebig.sk\/wp-content\/uploads\/2025\/05\/pexels-kampus-7078729.jpg 1920w\" sizes=\"(max-width: 1024px) 100vw, 1024px\" \/><\/figure>\n\n\n\n<p class=\"has-small-font-size\"><a href=\"https:\/\/www.pexels.com\/photo\/a-mother-talking-to-her-child-7078729\/\">Zdroj ilustra\u010dn\u00e9ho obr\u00e1zku: Pexels<\/a><\/p>\n\n\n\n<h2 class=\"wp-block-heading has-large-font-size\"><strong>Uznanie pocitov neznamen\u00e1, \u017ee ich mus\u00edme vyrie\u0161i\u0165. Znamen\u00e1 to, \u017ee ich nepopierame.<\/strong><\/h2>\n\n\n\n<p>To nie je slabos\u0165\u2026 To je sila vz\u0165ahu&#8230; To je re\u0161pekt\u2026 To je s\u00facit\u2026<\/p>\n\n\n\n<p>Lebo \u00e1no \u2013 niekedy je \u0161k\u00f4lka pre die\u0165a n\u00e1ro\u010dn\u00e1.&nbsp;A \u00e1no \u2013 \u010dasto pre rodi\u010da ide o najlep\u0161ie mo\u017en\u00e9 rie\u0161enie, ktor\u00e1 m\u00e1 pr\u00e1vo urobi\u0165. Ale to neznamen\u00e1, \u017ee mus\u00edme predstiera\u0165, \u017ee je to rie\u0161enie dokonal\u00e9 pre v\u0161etk\u00fdch.<\/p>\n\n\n\n<p>Nie je. A nemus\u00ed by\u0165.<\/p>\n\n\n\n<p>Die\u0165a m\u00e1 pr\u00e1vo nes\u00fahlasi\u0165. M\u00e1 pr\u00e1vo plaka\u0165. M\u00e1 pr\u00e1vo by\u0165 smutn\u00e9.<\/p>\n\n\n\n<p>A my m\u00e1me pr\u00e1vo c\u00edti\u0165, \u017ee by sme si priali, aby to bolo inak.&nbsp;<\/p>\n\n\n\n<p>Ale aj tak sme v tom spolu.<\/p>\n\n\n\n<p>A to je to najd\u00f4le\u017eitej\u0161ie.<\/p>\n\n\n\n<figure class=\"wp-block-embed is-type-video is-provider-youtube wp-block-embed-youtube wp-embed-aspect-16-9 wp-has-aspect-ratio\"><div class=\"wp-block-embed__wrapper\">\n<div class=\"ast-oembed-container\" style=\"height: 100%;\"><iframe title=\"\u010co Robi\u0165 Ke\u010f Die\u0165a Nechce \u00cds\u0165 Do \u0160k\u00f4lky? | littleMIND\" width=\"500\" height=\"281\" src=\"https:\/\/www.youtube.com\/embed\/1zSgNR4wxlU?feature=oembed\" frameborder=\"0\" allow=\"accelerometer; autoplay; clipboard-write; encrypted-media; gyroscope; picture-in-picture; web-share\" referrerpolicy=\"strict-origin-when-cross-origin\" allowfullscreen><\/iframe><\/div>\n<\/div><\/figure>\n\n\n\n<h2 class=\"wp-block-heading has-large-font-size\"><strong>\u010co m\u00f4\u017eem ako rodi\u010d urobi\u0165 prakticky, ke\u010f r\u00e1no die\u0165a nechce \u00eds\u0165 do \u0161k\u00f4lky?<\/strong><\/h2>\n\n\n\n<p>R\u00e1no b\u00fdva \u010dasto pln\u00e9 em\u00f3ci\u00ed \u2013 niekedy detsk\u00fdch, niekedy rodi\u010dovsk\u00fdch, \u010dasto oboch. A hoci nie v\u0161etk\u00e9mu vieme zabr\u00e1ni\u0165, existuj\u00fa drobnosti, ktor\u00e9 m\u00f4\u017eu pom\u00f4c\u0165 aspo\u0148 trochu u\u013eavi\u0165.<\/p>\n\n\n\n<h3 class=\"wp-block-heading has-medium-font-size\">Vytvorte si spolo\u010dn\u00fd rann\u00fd ritu\u00e1l:<\/h3>\n\n\n\n<p>Ritu\u00e1ly d\u00e1vaj\u00fa de\u0165om pocit istoty a predv\u00eddate\u013enosti. M\u00f4\u017ee to by\u0165:<\/p>\n\n\n\n<ul class=\"wp-block-list\">\n<li>tajn\u00fd pozdrav (napr. 3\u00d7 buchn\u00fa\u0165 p\u00e4s\u0165ami a objatie)<\/li>\n\n\n\n<li>mal\u00fd obr\u00e1zok od rodi\u010da, ktor\u00fd si die\u0165a d\u00e1 do vrecka<\/li>\n\n\n\n<li>\u201esrdie\u010dko na ruku\u201c \u2013 nakresli\u0165 si navz\u00e1jom srdie\u010dko na z\u00e1p\u00e4stie, ktor\u00e9 si m\u00f4\u017eu po\u010das d\u0148a pozrie\u0165<\/li>\n<\/ul>\n\n\n\n<p>Tak\u00e9to drobnosti nie s\u00fa rie\u0161en\u00edm samotn\u00e9ho sm\u00fatku, ale m\u00f4\u017eu by\u0165 kotvou, ktor\u00fa si die\u0165a nesie so sebou.<\/p>\n\n\n\n<figure class=\"wp-block-image size-large\"><img decoding=\"async\" width=\"1024\" height=\"682\" src=\"https:\/\/littlebig.sk\/wp-content\/uploads\/2025\/05\/9385-1024x682.jpg\" alt=\"\u017eena sa usmieva na diev\u010datko a dr\u017e\u00ed ju za ruky, symbolizuje rodi\u010dovsk\u00fa podporu a budovanie d\u00f4very, ke\u010f die\u0165a nechce \u00eds\u0165 do \u0161k\u00f4lky\" class=\"wp-image-13499\" srcset=\"https:\/\/littlebig.sk\/wp-content\/uploads\/2025\/05\/9385-1024x682.jpg 1024w, https:\/\/littlebig.sk\/wp-content\/uploads\/2025\/05\/9385-300x200.jpg 300w, https:\/\/littlebig.sk\/wp-content\/uploads\/2025\/05\/9385-768x512.jpg 768w, https:\/\/littlebig.sk\/wp-content\/uploads\/2025\/05\/9385-1536x1024.jpg 1536w, https:\/\/littlebig.sk\/wp-content\/uploads\/2025\/05\/9385-18x12.jpg 18w, https:\/\/littlebig.sk\/wp-content\/uploads\/2025\/05\/9385.jpg 2000w\" sizes=\"(max-width: 1024px) 100vw, 1024px\" \/><\/figure>\n\n\n\n<p class=\"has-small-font-size\"><a href=\"https:\/\/www.freepik.com\/free-photo\/mother-daughter-park_2534149.htm#fromView=search&amp;page=1&amp;position=33&amp;uuid=ca5c076e-9d48-4959-98f4-d9ee3b16ff89&amp;query=child+hug+parent+kindergarten\">Zdroj ilustra\u010dn\u00e9ho obr\u00e1zku: Freepik<\/a><\/p>\n\n\n\n<h3 class=\"wp-block-heading has-medium-font-size\">Povedzte, \u010do sa bude dia\u0165 \u2013 dajte mu oporu v \u010dase:<\/h3>\n\n\n\n<p>Deti nevedia predv\u00edda\u0165 bud\u00facnos\u0165. Poveda\u0165 im,&nbsp;<strong>\u010do bude nasledova\u0165<\/strong>, im pom\u00e1ha c\u00edti\u0165 sa bezpe\u010dnej\u0161ie:<\/p>\n\n\n\n<p>\u201eDnes bude\u0161 v \u0161k\u00f4lke, potom \u0165a poobede vyzdvihnem a p\u00f4jdeme spolu domov. Mo\u017eno sa e\u0161te zastav\u00edme na kol\u00e1\u010dik.\u201c<\/p>\n\n\n\n<p>Pocit istoty v \u010dase zni\u017euje \u00fazkos\u0165 z nezn\u00e1meho.<\/p>\n\n\n\n<h2 class=\"wp-block-heading has-medium-font-size\">Ke\u010f die\u0165a nechce \u00eds\u0165 do \u0161k\u00f4lky, bu\u010fte pr\u00edtomn\u00ed ve\u010der \u2013 pripravujte sa spolu:<\/h2>\n\n\n\n<p>Rann\u00e9mu stresu viete predch\u00e1dza\u0165 ve\u010dernou pr\u00edpravou:<\/p>\n\n\n\n<ul class=\"wp-block-list\">\n<li>pripravte si spolu oble\u010denie<\/li>\n\n\n\n<li>porozpr\u00e1vajte sa o tom, \u010do \u010dak\u00e1 die\u0165a zajtra<\/li>\n\n\n\n<li>dovo\u013ete mu poveda\u0165, \u010do ho te\u0161\u00ed \/ nete\u0161\u00ed<\/li>\n<\/ul>\n\n\n\n<p><strong>A hlavne dovo\u013ete si vlastn\u00e9 pocity a bu\u010fte sami k sebe l\u00e1skav\u00ed.<\/strong><\/p>\n\n\n\n<p><\/p>","protected":false},"excerpt":{"rendered":"<p>Pla\u010d, odmietanie, hnev, vzdor\u2026 Niektor\u00e9 r\u00e1na ke\u010f die\u0165a nechce \u00eds\u0165 do \u0161k\u00f4lky s\u00fa jednoducho \u0165a\u017ek\u00e9. Rodi\u010dia niekedy odch\u00e1dzaj\u00fa zo \u0161k\u00f4lky s \u0165a\u017ek\u00fdm srdcom, ke\u010f za sebou po\u010duj\u00fa krik svojho die\u0165a\u0165a. Niekedy sa v n\u00e1s ozve pochybnos\u0165 \u2013 rob\u00edm dobre? Je [&hellip;]<\/p>","protected":false},"author":1,"featured_media":13497,"comment_status":"closed","ping_status":"open","sticky":false,"template":"","format":"standard","meta":{"site-sidebar-layout":"default","site-content-layout":"","ast-site-content-layout":"default","site-content-style":"default","site-sidebar-style":"default","ast-global-header-display":"","ast-banner-title-visibility":"","ast-main-header-display":"","ast-hfb-above-header-display":"","ast-hfb-below-header-display":"","ast-hfb-mobile-header-display":"","site-post-title":"","ast-breadcrumbs-content":"","ast-featured-img":"","footer-sml-layout":"","theme-transparent-header-meta":"","adv-header-id-meta":"","stick-header-meta":"","header-above-stick-meta":"","header-main-stick-meta":"","header-below-stick-meta":"","astra-migrate-meta-layouts":"set","ast-page-background-enabled":"default","ast-page-background-meta":{"desktop":{"background-color":"var(--ast-global-color-4)","background-image":"","background-repeat":"repeat","background-position":"center center","background-size":"auto","background-attachment":"scroll","background-type":"","background-media":"","overlay-type":"","overlay-color":"","overlay-opacity":"","overlay-gradient":""},"tablet":{"background-color":"","background-image":"","background-repeat":"repeat","background-position":"center center","background-size":"auto","background-attachment":"scroll","background-type":"","background-media":"","overlay-type":"","overlay-color":"","overlay-opacity":"","overlay-gradient":""},"mobile":{"background-color":"","background-image":"","background-repeat":"repeat","background-position":"center center","background-size":"auto","background-attachment":"scroll","background-type":"","background-media":"","overlay-type":"","overlay-color":"","overlay-opacity":"","overlay-gradient":""}},"ast-content-background-meta":{"desktop":{"background-color":"var(--ast-global-color-5)","background-image":"","background-repeat":"repeat","background-position":"center center","background-size":"auto","background-attachment":"scroll","background-type":"","background-media":"","overlay-type":"","overlay-color":"","overlay-opacity":"","overlay-gradient":""},"tablet":{"background-color":"var(--ast-global-color-5)","background-image":"","background-repeat":"repeat","background-position":"center center","background-size":"auto","background-attachment":"scroll","background-type":"","background-media":"","overlay-type":"","overlay-color":"","overlay-opacity":"","overlay-gradient":""},"mobile":{"background-color":"var(--ast-global-color-5)","background-image":"","background-repeat":"repeat","background-position":"center center","background-size":"auto","background-attachment":"scroll","background-type":"","background-media":"","overlay-type":"","overlay-color":"","overlay-opacity":"","overlay-gradient":""}},"footnotes":""},"categories":[1],"tags":[],"class_list":["post-13496","post","type-post","status-publish","format-standard","has-post-thumbnail","hentry","category-blog"],"yoast_head":"<!-- This site is optimized with the Yoast SEO plugin v23.7 - https:\/\/yoast.com\/wordpress\/plugins\/seo\/ -->\n<title>Ke\u010f die\u0165a nechce \u00eds\u0165 do \u0161k\u00f4lky - \u010do s t\u00fdm ? &#8212; littleBIG<\/title>\n<meta name=\"description\" content=\"\u010co ak to, \u017ee die\u0165a nechce \u00eds\u0165 do \u0161k\u00f4lky nie je rozmar ani manipul\u00e1cia, ale re\u00e1lna em\u00f3cia, ktor\u00fa my len nechceme vidie\u0165, lebo by bolela?\" \/>\n<meta name=\"robots\" content=\"index, follow, max-snippet:-1, max-image-preview:large, max-video-preview:-1\" \/>\n<link rel=\"canonical\" href=\"https:\/\/littlebig.sk\/en\/ked-dieta-nechce-ist-do-skolky\/\" \/>\n<meta property=\"og:locale\" content=\"en_GB\" \/>\n<meta property=\"og:type\" content=\"article\" \/>\n<meta property=\"og:title\" content=\"Ke\u010f die\u0165a nechce \u00eds\u0165 do \u0161k\u00f4lky - \u010do s t\u00fdm ? &#8212; littleBIG\" \/>\n<meta property=\"og:description\" content=\"\u010co ak to, \u017ee die\u0165a nechce \u00eds\u0165 do \u0161k\u00f4lky nie je rozmar ani manipul\u00e1cia, ale re\u00e1lna em\u00f3cia, ktor\u00fa my len nechceme vidie\u0165, lebo by bolela?\" \/>\n<meta property=\"og:url\" content=\"https:\/\/littlebig.sk\/en\/ked-dieta-nechce-ist-do-skolky\/\" \/>\n<meta property=\"og:site_name\" content=\"littleBIG\" \/>\n<meta property=\"article:publisher\" content=\"https:\/\/www.facebook.com\/littlebigba\" \/>\n<meta property=\"article:published_time\" content=\"2025-05-21T19:41:36+00:00\" \/>\n<meta property=\"article:modified_time\" content=\"2025-06-09T18:27:23+00:00\" \/>\n<meta property=\"og:image\" content=\"https:\/\/littlebig.sk\/wp-content\/uploads\/2025\/05\/pexels-baphi-1361766.jpg\" \/>\n\t<meta property=\"og:image:width\" content=\"1920\" \/>\n\t<meta property=\"og:image:height\" content=\"1278\" \/>\n\t<meta property=\"og:image:type\" content=\"image\/jpeg\" \/>\n<meta name=\"author\" content=\"PhDr. Ivana Kalisk\u00e1 Klapkov\u00e1\" \/>\n<meta name=\"twitter:card\" content=\"summary_large_image\" \/>\n<meta name=\"twitter:label1\" content=\"Written by\" \/>\n\t<meta name=\"twitter:data1\" content=\"PhDr. Ivana Kalisk\u00e1 Klapkov\u00e1\" \/>\n\t<meta name=\"twitter:label2\" content=\"Estimated reading time\" \/>\n\t<meta name=\"twitter:data2\" content=\"5 minutes\" \/>\n<script type=\"application\/ld+json\" class=\"yoast-schema-graph\">{\"@context\":\"https:\/\/schema.org\",\"@graph\":[{\"@type\":\"Article\",\"@id\":\"https:\/\/littlebig.sk\/ked-dieta-nechce-ist-do-skolky\/#article\",\"isPartOf\":{\"@id\":\"https:\/\/littlebig.sk\/ked-dieta-nechce-ist-do-skolky\/\"},\"author\":{\"name\":\"PhDr. Ivana Kalisk\u00e1 Klapkov\u00e1\",\"@id\":\"https:\/\/littlebig.sk\/#\/schema\/person\/73aaec86f012f16562382bcb65f0841f\"},\"headline\":\"R\u00e1no, ke\u010f die\u0165a nechce \u00eds\u0165 do \u0161k\u00f4lky \u2013 o pravde, ktor\u00fa si nechceme pripusti\u0165\",\"datePublished\":\"2025-05-21T19:41:36+00:00\",\"dateModified\":\"2025-06-09T18:27:23+00:00\",\"mainEntityOfPage\":{\"@id\":\"https:\/\/littlebig.sk\/ked-dieta-nechce-ist-do-skolky\/\"},\"wordCount\":1018,\"publisher\":{\"@id\":\"https:\/\/littlebig.sk\/#organization\"},\"image\":{\"@id\":\"https:\/\/littlebig.sk\/ked-dieta-nechce-ist-do-skolky\/#primaryimage\"},\"thumbnailUrl\":\"https:\/\/littlebig.sk\/wp-content\/uploads\/2025\/05\/pexels-baphi-1361766.jpg\",\"articleSection\":[\"Blogov\u00e9 \u010dl\u00e1nky\"],\"inLanguage\":\"en-GB\"},{\"@type\":\"WebPage\",\"@id\":\"https:\/\/littlebig.sk\/ked-dieta-nechce-ist-do-skolky\/\",\"url\":\"https:\/\/littlebig.sk\/ked-dieta-nechce-ist-do-skolky\/\",\"name\":\"Ke\u010f die\u0165a nechce \u00eds\u0165 do \u0161k\u00f4lky - \u010do s t\u00fdm ? &#8212; littleBIG\",\"isPartOf\":{\"@id\":\"https:\/\/littlebig.sk\/#website\"},\"primaryImageOfPage\":{\"@id\":\"https:\/\/littlebig.sk\/ked-dieta-nechce-ist-do-skolky\/#primaryimage\"},\"image\":{\"@id\":\"https:\/\/littlebig.sk\/ked-dieta-nechce-ist-do-skolky\/#primaryimage\"},\"thumbnailUrl\":\"https:\/\/littlebig.sk\/wp-content\/uploads\/2025\/05\/pexels-baphi-1361766.jpg\",\"datePublished\":\"2025-05-21T19:41:36+00:00\",\"dateModified\":\"2025-06-09T18:27:23+00:00\",\"description\":\"\u010co ak to, \u017ee die\u0165a nechce \u00eds\u0165 do \u0161k\u00f4lky nie je rozmar ani manipul\u00e1cia, ale re\u00e1lna em\u00f3cia, ktor\u00fa my len nechceme vidie\u0165, lebo by bolela?\",\"breadcrumb\":{\"@id\":\"https:\/\/littlebig.sk\/ked-dieta-nechce-ist-do-skolky\/#breadcrumb\"},\"inLanguage\":\"en-GB\",\"potentialAction\":[{\"@type\":\"ReadAction\",\"target\":[\"https:\/\/littlebig.sk\/ked-dieta-nechce-ist-do-skolky\/\"]}]},{\"@type\":\"ImageObject\",\"inLanguage\":\"en-GB\",\"@id\":\"https:\/\/littlebig.sk\/ked-dieta-nechce-ist-do-skolky\/#primaryimage\",\"url\":\"https:\/\/littlebig.sk\/wp-content\/uploads\/2025\/05\/pexels-baphi-1361766.jpg\",\"contentUrl\":\"https:\/\/littlebig.sk\/wp-content\/uploads\/2025\/05\/pexels-baphi-1361766.jpg\",\"width\":1920,\"height\":1278,\"caption\":\"Otec nesie pla\u010d\u00faceho syna, ilustruje situ\u00e1ciu, ke\u010f die\u0165a nechce \u00eds\u0165 do \u0161k\u00f4lky a pre\u017e\u00edva sm\u00fatok\"},{\"@type\":\"BreadcrumbList\",\"@id\":\"https:\/\/littlebig.sk\/ked-dieta-nechce-ist-do-skolky\/#breadcrumb\",\"itemListElement\":[{\"@type\":\"ListItem\",\"position\":1,\"name\":\"Domovsk\u00e1 str\u00e1nka\",\"item\":\"https:\/\/littlebig.sk\/\"},{\"@type\":\"ListItem\",\"position\":2,\"name\":\"R\u00e1no, ke\u010f die\u0165a nechce \u00eds\u0165 do \u0161k\u00f4lky \u2013 o pravde, ktor\u00fa si nechceme pripusti\u0165\"}]},{\"@type\":\"WebSite\",\"@id\":\"https:\/\/littlebig.sk\/#website\",\"url\":\"https:\/\/littlebig.sk\/\",\"name\":\"littleBIG\",\"description\":\"Denne tvor\u00edme kr\u00e1sne detstvo\",\"publisher\":{\"@id\":\"https:\/\/littlebig.sk\/#organization\"},\"potentialAction\":[{\"@type\":\"SearchAction\",\"target\":{\"@type\":\"EntryPoint\",\"urlTemplate\":\"https:\/\/littlebig.sk\/?s={search_term_string}\"},\"query-input\":{\"@type\":\"PropertyValueSpecification\",\"valueRequired\":true,\"valueName\":\"search_term_string\"}}],\"inLanguage\":\"en-GB\"},{\"@type\":\"Organization\",\"@id\":\"https:\/\/littlebig.sk\/#organization\",\"name\":\"LittleBig\",\"url\":\"https:\/\/littlebig.sk\/\",\"logo\":{\"@type\":\"ImageObject\",\"inLanguage\":\"en-GB\",\"@id\":\"https:\/\/littlebig.sk\/#\/schema\/logo\/image\/\",\"url\":\"https:\/\/littlebig.sk\/wp-content\/uploads\/2022\/06\/littlebig_logo.svg\",\"contentUrl\":\"https:\/\/littlebig.sk\/wp-content\/uploads\/2022\/06\/littlebig_logo.svg\",\"width\":403,\"height\":123,\"caption\":\"LittleBig\"},\"image\":{\"@id\":\"https:\/\/littlebig.sk\/#\/schema\/logo\/image\/\"},\"sameAs\":[\"https:\/\/www.facebook.com\/littlebigba\",\"https:\/\/www.instagram.com\/skolka_littlebig\/\"]},{\"@type\":\"Person\",\"@id\":\"https:\/\/littlebig.sk\/#\/schema\/person\/73aaec86f012f16562382bcb65f0841f\",\"name\":\"PhDr. Ivana Kalisk\u00e1 Klapkov\u00e1\",\"image\":{\"@type\":\"ImageObject\",\"inLanguage\":\"en-GB\",\"@id\":\"https:\/\/littlebig.sk\/#\/schema\/person\/image\/\",\"url\":\"https:\/\/secure.gravatar.com\/avatar\/c5e3ccad238b550de7ca79cbaaabbdab42caa75676a995d92a667fe5f78d0e6f?s=96&d=mm&r=g\",\"contentUrl\":\"https:\/\/secure.gravatar.com\/avatar\/c5e3ccad238b550de7ca79cbaaabbdab42caa75676a995d92a667fe5f78d0e6f?s=96&d=mm&r=g\",\"caption\":\"PhDr. Ivana Kalisk\u00e1 Klapkov\u00e1\"},\"sameAs\":[\"https:\/\/littlebig.sk\"],\"url\":\"https:\/\/littlebig.sk\/en\/author\/admin\/\"}]}<\/script>\n<!-- \/ Yoast SEO plugin. -->","yoast_head_json":{"title":"Ke\u010f die\u0165a nechce \u00eds\u0165 do \u0161k\u00f4lky - \u010do s t\u00fdm ? &#8212; littleBIG","description":"\u010co ak to, \u017ee die\u0165a nechce \u00eds\u0165 do \u0161k\u00f4lky nie je rozmar ani manipul\u00e1cia, ale re\u00e1lna em\u00f3cia, ktor\u00fa my len nechceme vidie\u0165, lebo by bolela?","robots":{"index":"index","follow":"follow","max-snippet":"max-snippet:-1","max-image-preview":"max-image-preview:large","max-video-preview":"max-video-preview:-1"},"canonical":"https:\/\/littlebig.sk\/en\/ked-dieta-nechce-ist-do-skolky\/","og_locale":"en_GB","og_type":"article","og_title":"Ke\u010f die\u0165a nechce \u00eds\u0165 do \u0161k\u00f4lky - \u010do s t\u00fdm ? &#8212; littleBIG","og_description":"\u010co ak to, \u017ee die\u0165a nechce \u00eds\u0165 do \u0161k\u00f4lky nie je rozmar ani manipul\u00e1cia, ale re\u00e1lna em\u00f3cia, ktor\u00fa my len nechceme vidie\u0165, lebo by bolela?","og_url":"https:\/\/littlebig.sk\/en\/ked-dieta-nechce-ist-do-skolky\/","og_site_name":"littleBIG","article_publisher":"https:\/\/www.facebook.com\/littlebigba","article_published_time":"2025-05-21T19:41:36+00:00","article_modified_time":"2025-06-09T18:27:23+00:00","og_image":[{"width":1920,"height":1278,"url":"https:\/\/littlebig.sk\/wp-content\/uploads\/2025\/05\/pexels-baphi-1361766.jpg","type":"image\/jpeg"}],"author":"PhDr. Ivana Kalisk\u00e1 Klapkov\u00e1","twitter_card":"summary_large_image","twitter_misc":{"Written by":"PhDr. Ivana Kalisk\u00e1 Klapkov\u00e1","Estimated reading time":"5 minutes"},"schema":{"@context":"https:\/\/schema.org","@graph":[{"@type":"Article","@id":"https:\/\/littlebig.sk\/ked-dieta-nechce-ist-do-skolky\/#article","isPartOf":{"@id":"https:\/\/littlebig.sk\/ked-dieta-nechce-ist-do-skolky\/"},"author":{"name":"PhDr. Ivana Kalisk\u00e1 Klapkov\u00e1","@id":"https:\/\/littlebig.sk\/#\/schema\/person\/73aaec86f012f16562382bcb65f0841f"},"headline":"R\u00e1no, ke\u010f die\u0165a nechce \u00eds\u0165 do \u0161k\u00f4lky \u2013 o pravde, ktor\u00fa si nechceme pripusti\u0165","datePublished":"2025-05-21T19:41:36+00:00","dateModified":"2025-06-09T18:27:23+00:00","mainEntityOfPage":{"@id":"https:\/\/littlebig.sk\/ked-dieta-nechce-ist-do-skolky\/"},"wordCount":1018,"publisher":{"@id":"https:\/\/littlebig.sk\/#organization"},"image":{"@id":"https:\/\/littlebig.sk\/ked-dieta-nechce-ist-do-skolky\/#primaryimage"},"thumbnailUrl":"https:\/\/littlebig.sk\/wp-content\/uploads\/2025\/05\/pexels-baphi-1361766.jpg","articleSection":["Blogov\u00e9 \u010dl\u00e1nky"],"inLanguage":"en-GB"},{"@type":"WebPage","@id":"https:\/\/littlebig.sk\/ked-dieta-nechce-ist-do-skolky\/","url":"https:\/\/littlebig.sk\/ked-dieta-nechce-ist-do-skolky\/","name":"Ke\u010f die\u0165a nechce \u00eds\u0165 do \u0161k\u00f4lky - \u010do s t\u00fdm ? &#8212; littleBIG","isPartOf":{"@id":"https:\/\/littlebig.sk\/#website"},"primaryImageOfPage":{"@id":"https:\/\/littlebig.sk\/ked-dieta-nechce-ist-do-skolky\/#primaryimage"},"image":{"@id":"https:\/\/littlebig.sk\/ked-dieta-nechce-ist-do-skolky\/#primaryimage"},"thumbnailUrl":"https:\/\/littlebig.sk\/wp-content\/uploads\/2025\/05\/pexels-baphi-1361766.jpg","datePublished":"2025-05-21T19:41:36+00:00","dateModified":"2025-06-09T18:27:23+00:00","description":"\u010co ak to, \u017ee die\u0165a nechce \u00eds\u0165 do \u0161k\u00f4lky nie je rozmar ani manipul\u00e1cia, ale re\u00e1lna em\u00f3cia, ktor\u00fa my len nechceme vidie\u0165, lebo by bolela?","breadcrumb":{"@id":"https:\/\/littlebig.sk\/ked-dieta-nechce-ist-do-skolky\/#breadcrumb"},"inLanguage":"en-GB","potentialAction":[{"@type":"ReadAction","target":["https:\/\/littlebig.sk\/ked-dieta-nechce-ist-do-skolky\/"]}]},{"@type":"ImageObject","inLanguage":"en-GB","@id":"https:\/\/littlebig.sk\/ked-dieta-nechce-ist-do-skolky\/#primaryimage","url":"https:\/\/littlebig.sk\/wp-content\/uploads\/2025\/05\/pexels-baphi-1361766.jpg","contentUrl":"https:\/\/littlebig.sk\/wp-content\/uploads\/2025\/05\/pexels-baphi-1361766.jpg","width":1920,"height":1278,"caption":"Otec nesie pla\u010d\u00faceho syna, ilustruje situ\u00e1ciu, ke\u010f die\u0165a nechce \u00eds\u0165 do \u0161k\u00f4lky a pre\u017e\u00edva sm\u00fatok"},{"@type":"BreadcrumbList","@id":"https:\/\/littlebig.sk\/ked-dieta-nechce-ist-do-skolky\/#breadcrumb","itemListElement":[{"@type":"ListItem","position":1,"name":"Domovsk\u00e1 str\u00e1nka","item":"https:\/\/littlebig.sk\/"},{"@type":"ListItem","position":2,"name":"R\u00e1no, ke\u010f die\u0165a nechce \u00eds\u0165 do \u0161k\u00f4lky \u2013 o pravde, ktor\u00fa si nechceme pripusti\u0165"}]},{"@type":"WebSite","@id":"https:\/\/littlebig.sk\/#website","url":"https:\/\/littlebig.sk\/","name":"littleBIG","description":"Denne tvor\u00edme kr\u00e1sne detstvo","publisher":{"@id":"https:\/\/littlebig.sk\/#organization"},"potentialAction":[{"@type":"SearchAction","target":{"@type":"EntryPoint","urlTemplate":"https:\/\/littlebig.sk\/?s={search_term_string}"},"query-input":{"@type":"PropertyValueSpecification","valueRequired":true,"valueName":"search_term_string"}}],"inLanguage":"en-GB"},{"@type":"Organization","@id":"https:\/\/littlebig.sk\/#organization","name":"LittleBig","url":"https:\/\/littlebig.sk\/","logo":{"@type":"ImageObject","inLanguage":"en-GB","@id":"https:\/\/littlebig.sk\/#\/schema\/logo\/image\/","url":"https:\/\/littlebig.sk\/wp-content\/uploads\/2022\/06\/littlebig_logo.svg","contentUrl":"https:\/\/littlebig.sk\/wp-content\/uploads\/2022\/06\/littlebig_logo.svg","width":403,"height":123,"caption":"LittleBig"},"image":{"@id":"https:\/\/littlebig.sk\/#\/schema\/logo\/image\/"},"sameAs":["https:\/\/www.facebook.com\/littlebigba","https:\/\/www.instagram.com\/skolka_littlebig\/"]},{"@type":"Person","@id":"https:\/\/littlebig.sk\/#\/schema\/person\/73aaec86f012f16562382bcb65f0841f","name":"PhDr. Ivana Kalisk\u00e1 Klapkov\u00e1","image":{"@type":"ImageObject","inLanguage":"en-GB","@id":"https:\/\/littlebig.sk\/#\/schema\/person\/image\/","url":"https:\/\/secure.gravatar.com\/avatar\/c5e3ccad238b550de7ca79cbaaabbdab42caa75676a995d92a667fe5f78d0e6f?s=96&d=mm&r=g","contentUrl":"https:\/\/secure.gravatar.com\/avatar\/c5e3ccad238b550de7ca79cbaaabbdab42caa75676a995d92a667fe5f78d0e6f?s=96&d=mm&r=g","caption":"PhDr. Ivana Kalisk\u00e1 Klapkov\u00e1"},"sameAs":["https:\/\/littlebig.sk"],"url":"https:\/\/littlebig.sk\/en\/author\/admin\/"}]}},"_links":{"self":[{"href":"https:\/\/littlebig.sk\/en\/wp-json\/wp\/v2\/posts\/13496","targetHints":{"allow":["GET"]}}],"collection":[{"href":"https:\/\/littlebig.sk\/en\/wp-json\/wp\/v2\/posts"}],"about":[{"href":"https:\/\/littlebig.sk\/en\/wp-json\/wp\/v2\/types\/post"}],"author":[{"embeddable":true,"href":"https:\/\/littlebig.sk\/en\/wp-json\/wp\/v2\/users\/1"}],"replies":[{"embeddable":true,"href":"https:\/\/littlebig.sk\/en\/wp-json\/wp\/v2\/comments?post=13496"}],"version-history":[{"count":7,"href":"https:\/\/littlebig.sk\/en\/wp-json\/wp\/v2\/posts\/13496\/revisions"}],"predecessor-version":[{"id":13643,"href":"https:\/\/littlebig.sk\/en\/wp-json\/wp\/v2\/posts\/13496\/revisions\/13643"}],"wp:featuredmedia":[{"embeddable":true,"href":"https:\/\/littlebig.sk\/en\/wp-json\/wp\/v2\/media\/13497"}],"wp:attachment":[{"href":"https:\/\/littlebig.sk\/en\/wp-json\/wp\/v2\/media?parent=13496"}],"wp:term":[{"taxonomy":"category","embeddable":true,"href":"https:\/\/littlebig.sk\/en\/wp-json\/wp\/v2\/categories?post=13496"},{"taxonomy":"post_tag","embeddable":true,"href":"https:\/\/littlebig.sk\/en\/wp-json\/wp\/v2\/tags?post=13496"}],"curies":[{"name":"wp","href":"https:\/\/api.w.org\/{rel}","templated":true}]}}