{"id":13711,"date":"2025-09-02T14:15:12","date_gmt":"2025-09-02T12:15:12","guid":{"rendered":"https:\/\/littlebig.sk\/?p=13711"},"modified":"2025-09-02T14:17:53","modified_gmt":"2025-09-02T12:17:53","slug":"navrat-do-skolky-po-letnych-prazdninach","status":"publish","type":"post","link":"https:\/\/littlebig.sk\/en\/navrat-do-skolky-po-letnych-prazdninach\/","title":{"rendered":"N\u00e1vrat do \u0161k\u00f4lky po pr\u00e1zdnin\u00e1ch &#8211; 7 r\u00e1d ako podpori\u0165 die\u0165a pri adapt\u00e1cii"},"content":{"rendered":"<p>Prv\u00fd de\u0148 \u0161k\u00f4lky po pr\u00e1zdnin\u00e1ch je za nami. Pre deti aj rodi\u010dov je to ve\u013ek\u00fd krok \u2013 \u010di u\u017e ide o n\u00e1vrat do \u0161k\u00f4lky po pr\u00e1zdnin\u00e1ch a letnom oddychu alebo o \u00faplne prv\u00fd n\u00e1stup do nov\u00e9ho kolekt\u00edvu. Adapt\u00e1cia die\u0165a\u0165a prv\u00fdm d\u0148om iba za\u010d\u00edna. Zmena re\u017eimu, \u010di prechod z pr\u00e1zdninov\u00e9ho re\u017eimu do \u0161k\u00f4lkarsk\u00e9ho \u017eivota si vy\u017eaduje \u010das, trpezlivos\u0165 a l\u00e1skav\u00fa podporu.\u00a0<\/p>\n\n\n\n<p>Prin\u00e1\u0161ame v\u00e1m nieko\u013eko tipov, ako de\u0165om u\u013eah\u010di\u0165 prv\u00e9 t\u00fd\u017edne po letn\u00fdch pr\u00e1zdnin\u00e1ch, aby bol n\u00e1vrat do \u0161k\u00f4lky pokojn\u00fd a postupn\u00fd.<\/p>\n\n\n\n<h2 class=\"wp-block-heading has-medium-font-size\"><strong>1. Dr\u017ete sa re\u017eimu<\/strong><\/h2>\n\n\n\n<p>Po lete si deti musia zvykn\u00fa\u0165 na skor\u00e9 vst\u00e1vanie a pravideln\u00fd denn\u00fd rytmus. Pom\u00f4\u017ee, ak doma udr\u017eiavate pevn\u00fd \u010das sp\u00e1nku, jedla a ve\u010dern\u00fdch ritu\u00e1lov. Stabilita d\u00e1va de\u0165om pocit istoty a bezpe\u010dia.<\/p>\n\n\n\n<h2 class=\"wp-block-heading has-medium-font-size\"><strong>2. P\u00fdtajte sa na z\u00e1\u017eitky<\/strong><\/h2>\n\n\n\n<p>Ka\u017ed\u00fd de\u0148 si n\u00e1jdite chv\u00ed\u013eu na rozhovor o tom, \u010do die\u0165a v \u0161k\u00f4lke za\u017eilo. Nemus\u00ed to by\u0165 dlh\u00e9 \u2013 niekedy posta\u010d\u00ed prehodi\u0165 p\u00e1r slov o tom ako sa v \u0161k\u00f4lke c\u00edtilo a \u010do pre\u017e\u00edvalo. Pozorn\u00e9 po\u010d\u00favanie posil\u0148uje vz\u0165ah a die\u0165a\u0165u d\u00e1va pocit, \u017ee jeho pre\u017eitky s\u00fa d\u00f4le\u017eit\u00e9.<\/p>\n\n\n\n<figure class=\"wp-block-embed is-type-video is-provider-youtube wp-block-embed-youtube wp-embed-aspect-16-9 wp-has-aspect-ratio\"><div class=\"wp-block-embed__wrapper\">\n<div class=\"ast-oembed-container\" style=\"height: 100%;\"><iframe title=\"Adapt\u00e1cia Die\u0165a\u0165a v Materskej \u0160kole: Ako Zvl\u00e1dnu\u0165 Bezpe\u010dn\u00e9 a \u0160\u0165astn\u00e9 Za\u010dlenenie Do Kolekt\u00edvu?\" width=\"500\" height=\"281\" src=\"https:\/\/www.youtube.com\/embed\/M3pePZ-sV8E?feature=oembed\" frameborder=\"0\" allow=\"accelerometer; autoplay; clipboard-write; encrypted-media; gyroscope; picture-in-picture; web-share\" referrerpolicy=\"strict-origin-when-cross-origin\" allowfullscreen><\/iframe><\/div>\n<\/div><\/figure>\n\n\n\n<h2 class=\"wp-block-heading has-medium-font-size\"><strong>3. Bu\u010fte pripraven\u00ed na \u201eregres\u201c<\/strong><\/h2>\n\n\n\n<p>M\u00f4\u017ee sa sta\u0165, a je prirodzen\u00e9, \u017ee die\u0165a po n\u00e1vrate m\u00f4\u017ee vy\u017eadova\u0165 viac pozornosti, alebo sa vr\u00e1ti k zvykom, ktor\u00e9 u\u017e predt\u00fdm zvl\u00e1dalo samostatne. Neznamen\u00e1 to krok sp\u00e4\u0165, ale sp\u00f4sob, ak\u00fdm sprac\u00fava nov\u00e9 em\u00f3cie a z\u00e1\u017eitky. Dajte mu \u010das a pochopenie.<br>Ak sa stretnete so situ\u00e1ciou, \u017ee die\u0165a r\u00e1no nechce \u00eds\u0165 do \u0161k\u00f4lky, mohol by v\u00e1m pom\u00f4c\u0165 n\u00e1\u0161 \u010dl\u00e1nok\u00a0<strong><a href=\"https:\/\/littlebig.sk\/en\/ked-dieta-nechce-ist-do-skolky\/?utm_source=chatgpt.com\">R\u00e1no, ke\u010f die\u0165a nechce \u00eds\u0165 do \u0161k\u00f4lky<\/a>.<\/strong><\/p>\n\n\n\n<h2 class=\"wp-block-heading has-medium-font-size\"><strong>4. Vytvorte si ritu\u00e1ly l\u00fa\u010denia a priv\u00edtania<\/strong><\/h2>\n\n\n\n<p>Kr\u00e1tke, l\u00e1skav\u00e9 ritu\u00e1ly \u2013 objatie, \u00fasmev \u010di tajn\u00fd pozdrav \u2013 pom\u00e1haj\u00fa die\u0165a\u0165u pri rannom odl\u00fa\u010den\u00ed. Rovnako d\u00f4le\u017eit\u00e9 je aj priv\u00edtanie po \u0161k\u00f4lke. Ak rodi\u010d prejav\u00ed nad\u0161enie zo spolo\u010dn\u00e9ho stretnutia, die\u0165a c\u00edti, \u017ee de\u0148 zvl\u00e1dlo \u00faspe\u0161ne.<\/p>\n\n\n\n<figure class=\"wp-block-image size-full\"><img fetchpriority=\"high\" decoding=\"async\" width=\"1000\" height=\"750\" src=\"https:\/\/littlebig.sk\/wp-content\/uploads\/2025\/05\/2148465973.jpg\" alt=\"Usmiata matka dr\u017e\u00ed svoju dc\u00e9ru za ruky a l\u00e1skyplne sa na \u0148u pozer\u00e1, lebo db\u00e1 na re\u0161pekt a hranice pri v\u00fdchove det\u00ed.\" class=\"wp-image-13489\" srcset=\"https:\/\/littlebig.sk\/wp-content\/uploads\/2025\/05\/2148465973.jpg 1000w, https:\/\/littlebig.sk\/wp-content\/uploads\/2025\/05\/2148465973-300x225.jpg 300w, https:\/\/littlebig.sk\/wp-content\/uploads\/2025\/05\/2148465973-768x576.jpg 768w, https:\/\/littlebig.sk\/wp-content\/uploads\/2025\/05\/2148465973-16x12.jpg 16w\" sizes=\"(max-width: 1000px) 100vw, 1000px\" \/><\/figure>\n\n\n\n<h2 class=\"wp-block-heading has-medium-font-size\"><strong>5. Podporujte samostatnos\u0165<\/strong><\/h2>\n\n\n\n<p>Deti sa v \u0161k\u00f4lke u\u010dia samostatnosti krok za krokom. Doma m\u00f4\u017eete tento proces podpori\u0165 t\u00fdm, \u017ee im nech\u00e1te priestor zvl\u00e1dnu\u0165 obliekanie, jedenie alebo um\u00fdvanie r\u00fak. Ka\u017ed\u00fd mal\u00fd \u00faspech posil\u0148uje ich sebavedomie a u\u013eah\u010duje adapt\u00e1ciu.<\/p>\n\n\n\n<h2 class=\"wp-block-heading has-medium-font-size\"><strong>6. Bu\u010fte trpezliv\u00ed po\u010das adapta\u010dn\u00e9ho obdobia<\/strong><\/h2>\n\n\n\n<p>Adapt\u00e1cia m\u00f4\u017ee trva\u0165 nieko\u013eko t\u00fd\u017ed\u0148ov. Niektor\u00e9 deti sa nadchn\u00fa okam\u017eite, in\u00fdm trv\u00e1 dlh\u0161ie, k\u00fdm sa za\u010dn\u00fa c\u00edti\u0165 komfortne. Je d\u00f4le\u017eit\u00e9 re\u0161pektova\u0165 tempo ka\u017ed\u00e9ho die\u0165a\u0165a. Viac r\u00e1d n\u00e1jdete aj v \u010dl\u00e1nku\u00a0<strong><a href=\"https:\/\/littlebig.sk\/en\/adaptacia-dietata-pri-nastupe-do-materskej-skoly\/?utm_source=chatgpt.com\">Adapt\u00e1cia die\u0165a\u0165a pri n\u00e1stupe do materskej \u0161koly<\/a>.<\/strong><\/p>\n\n\n\n<h2 class=\"wp-block-heading has-medium-font-size\"><strong>7. Komunikujte s pani u\u010dite\u013ekami<\/strong><\/h2>\n\n\n\n<p>Ak m\u00e1te pocit, \u017ee sa va\u0161e die\u0165a adaptuje \u0165a\u017e\u0161ie, pode\u013ete sa o to s pani u\u010dite\u013ekami alebo s na\u0161ou pani psychologi\u010dkou Sarah. Spolupr\u00e1ca medzi rodi\u010dmi a pedag\u00f3gmi je k\u013e\u00fa\u010dov\u00e1 \u2013 pom\u00e1ha lep\u0161ie porozumie\u0165 potreb\u00e1m die\u0165a\u0165a a spolo\u010dne h\u013eada\u0165 rie\u0161enia. Za tie roky, ktor\u00e9 tr\u00e1vime tvoren\u00edm kr\u00e1sneho detstva sme u\u017e pomohli mno\u017estvu deti\u010diek a rodi\u010dov v procese adapt\u00e1cie. A v\u017edy \u00faspe\u0161ne. \ud83d\ude42<\/p>\n\n\n\n<p>N\u00e1vrat do \u0161k\u00f4lky po letn\u00fdch pr\u00e1zdnin\u00e1ch je ve\u013ek\u00e1 zmena, ktor\u00e1 prin\u00e1\u0161a rados\u0165, ale aj v\u00fdzvy. Ka\u017ed\u00e9 die\u0165a prech\u00e1dza t\u00fdmto obdob\u00edm inak a je \u00faplne v poriadku, ak adapt\u00e1cia trv\u00e1 dlh\u0161ie. D\u00f4le\u017eit\u00e1 je l\u00e1skypln\u00e1 podpora, trpezlivos\u0165 a pravideln\u00fd re\u017eim.<\/p>\n\n\n\n<p>S citliv\u00fdm pr\u00edstupom rodi\u010dov aj pedag\u00f3gov bude tento prechod pre deti pr\u00edle\u017eitos\u0165ou u\u010di\u0165 sa, r\u00e1s\u0165 a objavova\u0165 nov\u00e9 priate\u013estv\u00e1.&nbsp;<\/p>\n\n\n\n<p><\/p>","protected":false},"excerpt":{"rendered":"<p>Prv\u00fd de\u0148 \u0161k\u00f4lky po pr\u00e1zdnin\u00e1ch je za nami. Pre deti aj rodi\u010dov je to ve\u013ek\u00fd krok \u2013 \u010di u\u017e ide o n\u00e1vrat do \u0161k\u00f4lky po pr\u00e1zdnin\u00e1ch a letnom oddychu alebo o \u00faplne prv\u00fd n\u00e1stup do nov\u00e9ho kolekt\u00edvu. Adapt\u00e1cia die\u0165a\u0165a prv\u00fdm [&hellip;]<\/p>","protected":false},"author":1,"featured_media":12982,"comment_status":"closed","ping_status":"open","sticky":false,"template":"","format":"standard","meta":{"site-sidebar-layout":"default","site-content-layout":"","ast-site-content-layout":"default","site-content-style":"default","site-sidebar-style":"default","ast-global-header-display":"","ast-banner-title-visibility":"","ast-main-header-display":"","ast-hfb-above-header-display":"","ast-hfb-below-header-display":"","ast-hfb-mobile-header-display":"","site-post-title":"","ast-breadcrumbs-content":"","ast-featured-img":"","footer-sml-layout":"","theme-transparent-header-meta":"","adv-header-id-meta":"","stick-header-meta":"","header-above-stick-meta":"","header-main-stick-meta":"","header-below-stick-meta":"","astra-migrate-meta-layouts":"set","ast-page-background-enabled":"default","ast-page-background-meta":{"desktop":{"background-color":"var(--ast-global-color-4)","background-image":"","background-repeat":"repeat","background-position":"center center","background-size":"auto","background-attachment":"scroll","background-type":"","background-media":"","overlay-type":"","overlay-color":"","overlay-opacity":"","overlay-gradient":""},"tablet":{"background-color":"","background-image":"","background-repeat":"repeat","background-position":"center center","background-size":"auto","background-attachment":"scroll","background-type":"","background-media":"","overlay-type":"","overlay-color":"","overlay-opacity":"","overlay-gradient":""},"mobile":{"background-color":"","background-image":"","background-repeat":"repeat","background-position":"center center","background-size":"auto","background-attachment":"scroll","background-type":"","background-media":"","overlay-type":"","overlay-color":"","overlay-opacity":"","overlay-gradient":""}},"ast-content-background-meta":{"desktop":{"background-color":"var(--ast-global-color-5)","background-image":"","background-repeat":"repeat","background-position":"center center","background-size":"auto","background-attachment":"scroll","background-type":"","background-media":"","overlay-type":"","overlay-color":"","overlay-opacity":"","overlay-gradient":""},"tablet":{"background-color":"var(--ast-global-color-5)","background-image":"","background-repeat":"repeat","background-position":"center center","background-size":"auto","background-attachment":"scroll","background-type":"","background-media":"","overlay-type":"","overlay-color":"","overlay-opacity":"","overlay-gradient":""},"mobile":{"background-color":"var(--ast-global-color-5)","background-image":"","background-repeat":"repeat","background-position":"center center","background-size":"auto","background-attachment":"scroll","background-type":"","background-media":"","overlay-type":"","overlay-color":"","overlay-opacity":"","overlay-gradient":""}},"footnotes":""},"categories":[1],"tags":[],"class_list":["post-13711","post","type-post","status-publish","format-standard","has-post-thumbnail","hentry","category-blog"],"yoast_head":"<!-- This site is optimized with the Yoast SEO plugin v23.7 - https:\/\/yoast.com\/wordpress\/plugins\/seo\/ -->\n<title>7 r\u00e1d ako u\u013eah\u010di\u0165 n\u00e1vrat do \u0161k\u00f4lky po letn\u00fdch pr\u00e1zdnin\u00e1ch<\/title>\n<meta name=\"description\" content=\"Ako die\u0165a\u0165u u\u013eah\u010di\u0165 n\u00e1vrat do \u0161k\u00f4lky po letn\u00fdch pr\u00e1zdnin\u00e1ch? Pre\u010d\u00edtajte si 7 r\u00e1d, ktor\u00e9 podporia adapt\u00e1ciu \u0161k\u00f4lkara v prv\u00fdch d\u0148och \u0161k\u00f4lky.\" \/>\n<meta name=\"robots\" content=\"index, follow, max-snippet:-1, max-image-preview:large, max-video-preview:-1\" \/>\n<link rel=\"canonical\" href=\"https:\/\/littlebig.sk\/en\/navrat-do-skolky-po-letnych-prazdninach\/\" \/>\n<meta property=\"og:locale\" content=\"en_GB\" \/>\n<meta property=\"og:type\" content=\"article\" \/>\n<meta property=\"og:title\" content=\"7 r\u00e1d ako u\u013eah\u010di\u0165 n\u00e1vrat do \u0161k\u00f4lky po letn\u00fdch pr\u00e1zdnin\u00e1ch\" \/>\n<meta property=\"og:description\" content=\"Ako die\u0165a\u0165u u\u013eah\u010di\u0165 n\u00e1vrat do \u0161k\u00f4lky po letn\u00fdch pr\u00e1zdnin\u00e1ch? Pre\u010d\u00edtajte si 7 r\u00e1d, ktor\u00e9 podporia adapt\u00e1ciu \u0161k\u00f4lkara v prv\u00fdch d\u0148och \u0161k\u00f4lky.\" \/>\n<meta property=\"og:url\" content=\"https:\/\/littlebig.sk\/en\/navrat-do-skolky-po-letnych-prazdninach\/\" \/>\n<meta property=\"og:site_name\" content=\"littleBIG\" \/>\n<meta property=\"article:publisher\" content=\"https:\/\/www.facebook.com\/littlebigba\" \/>\n<meta property=\"article:published_time\" content=\"2025-09-02T12:15:12+00:00\" \/>\n<meta property=\"article:modified_time\" content=\"2025-09-02T12:17:53+00:00\" \/>\n<meta property=\"og:image\" content=\"https:\/\/littlebig.sk\/wp-content\/uploads\/2025\/01\/2148673124.jpg\" \/>\n\t<meta property=\"og:image:width\" content=\"1000\" \/>\n\t<meta property=\"og:image:height\" content=\"665\" \/>\n\t<meta property=\"og:image:type\" content=\"image\/jpeg\" \/>\n<meta name=\"author\" content=\"PhDr. Ivana Kalisk\u00e1 Klapkov\u00e1\" \/>\n<meta name=\"twitter:card\" content=\"summary_large_image\" \/>\n<meta name=\"twitter:label1\" content=\"Written by\" \/>\n\t<meta name=\"twitter:data1\" content=\"PhDr. Ivana Kalisk\u00e1 Klapkov\u00e1\" \/>\n\t<meta name=\"twitter:label2\" content=\"Estimated reading time\" \/>\n\t<meta name=\"twitter:data2\" content=\"3 minutes\" \/>\n<script type=\"application\/ld+json\" class=\"yoast-schema-graph\">{\"@context\":\"https:\/\/schema.org\",\"@graph\":[{\"@type\":\"Article\",\"@id\":\"https:\/\/littlebig.sk\/navrat-do-skolky-po-letnych-prazdninach\/#article\",\"isPartOf\":{\"@id\":\"https:\/\/littlebig.sk\/navrat-do-skolky-po-letnych-prazdninach\/\"},\"author\":{\"name\":\"PhDr. Ivana Kalisk\u00e1 Klapkov\u00e1\",\"@id\":\"https:\/\/littlebig.sk\/#\/schema\/person\/73aaec86f012f16562382bcb65f0841f\"},\"headline\":\"N\u00e1vrat do \u0161k\u00f4lky po pr\u00e1zdnin\u00e1ch &#8211; 7 r\u00e1d ako podpori\u0165 die\u0165a pri adapt\u00e1cii\",\"datePublished\":\"2025-09-02T12:15:12+00:00\",\"dateModified\":\"2025-09-02T12:17:53+00:00\",\"mainEntityOfPage\":{\"@id\":\"https:\/\/littlebig.sk\/navrat-do-skolky-po-letnych-prazdninach\/\"},\"wordCount\":715,\"publisher\":{\"@id\":\"https:\/\/littlebig.sk\/#organization\"},\"image\":{\"@id\":\"https:\/\/littlebig.sk\/navrat-do-skolky-po-letnych-prazdninach\/#primaryimage\"},\"thumbnailUrl\":\"https:\/\/littlebig.sk\/wp-content\/uploads\/2025\/01\/2148673124.jpg\",\"articleSection\":[\"Blogov\u00e9 \u010dl\u00e1nky\"],\"inLanguage\":\"en-GB\"},{\"@type\":\"WebPage\",\"@id\":\"https:\/\/littlebig.sk\/navrat-do-skolky-po-letnych-prazdninach\/\",\"url\":\"https:\/\/littlebig.sk\/navrat-do-skolky-po-letnych-prazdninach\/\",\"name\":\"7 r\u00e1d ako u\u013eah\u010di\u0165 n\u00e1vrat do \u0161k\u00f4lky po letn\u00fdch pr\u00e1zdnin\u00e1ch\",\"isPartOf\":{\"@id\":\"https:\/\/littlebig.sk\/#website\"},\"primaryImageOfPage\":{\"@id\":\"https:\/\/littlebig.sk\/navrat-do-skolky-po-letnych-prazdninach\/#primaryimage\"},\"image\":{\"@id\":\"https:\/\/littlebig.sk\/navrat-do-skolky-po-letnych-prazdninach\/#primaryimage\"},\"thumbnailUrl\":\"https:\/\/littlebig.sk\/wp-content\/uploads\/2025\/01\/2148673124.jpg\",\"datePublished\":\"2025-09-02T12:15:12+00:00\",\"dateModified\":\"2025-09-02T12:17:53+00:00\",\"description\":\"Ako die\u0165a\u0165u u\u013eah\u010di\u0165 n\u00e1vrat do \u0161k\u00f4lky po letn\u00fdch pr\u00e1zdnin\u00e1ch? Pre\u010d\u00edtajte si 7 r\u00e1d, ktor\u00e9 podporia adapt\u00e1ciu \u0161k\u00f4lkara v prv\u00fdch d\u0148och \u0161k\u00f4lky.\",\"breadcrumb\":{\"@id\":\"https:\/\/littlebig.sk\/navrat-do-skolky-po-letnych-prazdninach\/#breadcrumb\"},\"inLanguage\":\"en-GB\",\"potentialAction\":[{\"@type\":\"ReadAction\",\"target\":[\"https:\/\/littlebig.sk\/navrat-do-skolky-po-letnych-prazdninach\/\"]}]},{\"@type\":\"ImageObject\",\"inLanguage\":\"en-GB\",\"@id\":\"https:\/\/littlebig.sk\/navrat-do-skolky-po-letnych-prazdninach\/#primaryimage\",\"url\":\"https:\/\/littlebig.sk\/wp-content\/uploads\/2025\/01\/2148673124.jpg\",\"contentUrl\":\"https:\/\/littlebig.sk\/wp-content\/uploads\/2025\/01\/2148673124.jpg\",\"width\":1000,\"height\":665,\"caption\":\"Deti a vychov\u00e1vate\u013eka pri hre v materskej \u0161kole, zapojen\u00e9 do aktivity s dreven\u00fdmi hra\u010dkami na podlo\u017eke v jasne osvetlenej miestnosti. Zdroj Freepik\"},{\"@type\":\"BreadcrumbList\",\"@id\":\"https:\/\/littlebig.sk\/navrat-do-skolky-po-letnych-prazdninach\/#breadcrumb\",\"itemListElement\":[{\"@type\":\"ListItem\",\"position\":1,\"name\":\"Domovsk\u00e1 str\u00e1nka\",\"item\":\"https:\/\/littlebig.sk\/\"},{\"@type\":\"ListItem\",\"position\":2,\"name\":\"N\u00e1vrat do \u0161k\u00f4lky po pr\u00e1zdnin\u00e1ch &#8211; 7 r\u00e1d ako podpori\u0165 die\u0165a pri adapt\u00e1cii\"}]},{\"@type\":\"WebSite\",\"@id\":\"https:\/\/littlebig.sk\/#website\",\"url\":\"https:\/\/littlebig.sk\/\",\"name\":\"littleBIG\",\"description\":\"Denne tvor\u00edme kr\u00e1sne detstvo\",\"publisher\":{\"@id\":\"https:\/\/littlebig.sk\/#organization\"},\"potentialAction\":[{\"@type\":\"SearchAction\",\"target\":{\"@type\":\"EntryPoint\",\"urlTemplate\":\"https:\/\/littlebig.sk\/?s={search_term_string}\"},\"query-input\":{\"@type\":\"PropertyValueSpecification\",\"valueRequired\":true,\"valueName\":\"search_term_string\"}}],\"inLanguage\":\"en-GB\"},{\"@type\":\"Organization\",\"@id\":\"https:\/\/littlebig.sk\/#organization\",\"name\":\"LittleBig\",\"url\":\"https:\/\/littlebig.sk\/\",\"logo\":{\"@type\":\"ImageObject\",\"inLanguage\":\"en-GB\",\"@id\":\"https:\/\/littlebig.sk\/#\/schema\/logo\/image\/\",\"url\":\"https:\/\/littlebig.sk\/wp-content\/uploads\/2022\/06\/littlebig_logo.svg\",\"contentUrl\":\"https:\/\/littlebig.sk\/wp-content\/uploads\/2022\/06\/littlebig_logo.svg\",\"width\":403,\"height\":123,\"caption\":\"LittleBig\"},\"image\":{\"@id\":\"https:\/\/littlebig.sk\/#\/schema\/logo\/image\/\"},\"sameAs\":[\"https:\/\/www.facebook.com\/littlebigba\",\"https:\/\/www.instagram.com\/skolka_littlebig\/\"]},{\"@type\":\"Person\",\"@id\":\"https:\/\/littlebig.sk\/#\/schema\/person\/73aaec86f012f16562382bcb65f0841f\",\"name\":\"PhDr. Ivana Kalisk\u00e1 Klapkov\u00e1\",\"image\":{\"@type\":\"ImageObject\",\"inLanguage\":\"en-GB\",\"@id\":\"https:\/\/littlebig.sk\/#\/schema\/person\/image\/\",\"url\":\"https:\/\/secure.gravatar.com\/avatar\/c5e3ccad238b550de7ca79cbaaabbdab42caa75676a995d92a667fe5f78d0e6f?s=96&d=mm&r=g\",\"contentUrl\":\"https:\/\/secure.gravatar.com\/avatar\/c5e3ccad238b550de7ca79cbaaabbdab42caa75676a995d92a667fe5f78d0e6f?s=96&d=mm&r=g\",\"caption\":\"PhDr. Ivana Kalisk\u00e1 Klapkov\u00e1\"},\"sameAs\":[\"https:\/\/littlebig.sk\"],\"url\":\"https:\/\/littlebig.sk\/en\/author\/admin\/\"}]}<\/script>\n<!-- \/ Yoast SEO plugin. -->","yoast_head_json":{"title":"7 r\u00e1d ako u\u013eah\u010di\u0165 n\u00e1vrat do \u0161k\u00f4lky po letn\u00fdch pr\u00e1zdnin\u00e1ch","description":"Ako die\u0165a\u0165u u\u013eah\u010di\u0165 n\u00e1vrat do \u0161k\u00f4lky po letn\u00fdch pr\u00e1zdnin\u00e1ch? Pre\u010d\u00edtajte si 7 r\u00e1d, ktor\u00e9 podporia adapt\u00e1ciu \u0161k\u00f4lkara v prv\u00fdch d\u0148och \u0161k\u00f4lky.","robots":{"index":"index","follow":"follow","max-snippet":"max-snippet:-1","max-image-preview":"max-image-preview:large","max-video-preview":"max-video-preview:-1"},"canonical":"https:\/\/littlebig.sk\/en\/navrat-do-skolky-po-letnych-prazdninach\/","og_locale":"en_GB","og_type":"article","og_title":"7 r\u00e1d ako u\u013eah\u010di\u0165 n\u00e1vrat do \u0161k\u00f4lky po letn\u00fdch pr\u00e1zdnin\u00e1ch","og_description":"Ako die\u0165a\u0165u u\u013eah\u010di\u0165 n\u00e1vrat do \u0161k\u00f4lky po letn\u00fdch pr\u00e1zdnin\u00e1ch? Pre\u010d\u00edtajte si 7 r\u00e1d, ktor\u00e9 podporia adapt\u00e1ciu \u0161k\u00f4lkara v prv\u00fdch d\u0148och \u0161k\u00f4lky.","og_url":"https:\/\/littlebig.sk\/en\/navrat-do-skolky-po-letnych-prazdninach\/","og_site_name":"littleBIG","article_publisher":"https:\/\/www.facebook.com\/littlebigba","article_published_time":"2025-09-02T12:15:12+00:00","article_modified_time":"2025-09-02T12:17:53+00:00","og_image":[{"width":1000,"height":665,"url":"https:\/\/littlebig.sk\/wp-content\/uploads\/2025\/01\/2148673124.jpg","type":"image\/jpeg"}],"author":"PhDr. Ivana Kalisk\u00e1 Klapkov\u00e1","twitter_card":"summary_large_image","twitter_misc":{"Written by":"PhDr. Ivana Kalisk\u00e1 Klapkov\u00e1","Estimated reading time":"3 minutes"},"schema":{"@context":"https:\/\/schema.org","@graph":[{"@type":"Article","@id":"https:\/\/littlebig.sk\/navrat-do-skolky-po-letnych-prazdninach\/#article","isPartOf":{"@id":"https:\/\/littlebig.sk\/navrat-do-skolky-po-letnych-prazdninach\/"},"author":{"name":"PhDr. Ivana Kalisk\u00e1 Klapkov\u00e1","@id":"https:\/\/littlebig.sk\/#\/schema\/person\/73aaec86f012f16562382bcb65f0841f"},"headline":"N\u00e1vrat do \u0161k\u00f4lky po pr\u00e1zdnin\u00e1ch &#8211; 7 r\u00e1d ako podpori\u0165 die\u0165a pri adapt\u00e1cii","datePublished":"2025-09-02T12:15:12+00:00","dateModified":"2025-09-02T12:17:53+00:00","mainEntityOfPage":{"@id":"https:\/\/littlebig.sk\/navrat-do-skolky-po-letnych-prazdninach\/"},"wordCount":715,"publisher":{"@id":"https:\/\/littlebig.sk\/#organization"},"image":{"@id":"https:\/\/littlebig.sk\/navrat-do-skolky-po-letnych-prazdninach\/#primaryimage"},"thumbnailUrl":"https:\/\/littlebig.sk\/wp-content\/uploads\/2025\/01\/2148673124.jpg","articleSection":["Blogov\u00e9 \u010dl\u00e1nky"],"inLanguage":"en-GB"},{"@type":"WebPage","@id":"https:\/\/littlebig.sk\/navrat-do-skolky-po-letnych-prazdninach\/","url":"https:\/\/littlebig.sk\/navrat-do-skolky-po-letnych-prazdninach\/","name":"7 r\u00e1d ako u\u013eah\u010di\u0165 n\u00e1vrat do \u0161k\u00f4lky po letn\u00fdch pr\u00e1zdnin\u00e1ch","isPartOf":{"@id":"https:\/\/littlebig.sk\/#website"},"primaryImageOfPage":{"@id":"https:\/\/littlebig.sk\/navrat-do-skolky-po-letnych-prazdninach\/#primaryimage"},"image":{"@id":"https:\/\/littlebig.sk\/navrat-do-skolky-po-letnych-prazdninach\/#primaryimage"},"thumbnailUrl":"https:\/\/littlebig.sk\/wp-content\/uploads\/2025\/01\/2148673124.jpg","datePublished":"2025-09-02T12:15:12+00:00","dateModified":"2025-09-02T12:17:53+00:00","description":"Ako die\u0165a\u0165u u\u013eah\u010di\u0165 n\u00e1vrat do \u0161k\u00f4lky po letn\u00fdch pr\u00e1zdnin\u00e1ch? Pre\u010d\u00edtajte si 7 r\u00e1d, ktor\u00e9 podporia adapt\u00e1ciu \u0161k\u00f4lkara v prv\u00fdch d\u0148och \u0161k\u00f4lky.","breadcrumb":{"@id":"https:\/\/littlebig.sk\/navrat-do-skolky-po-letnych-prazdninach\/#breadcrumb"},"inLanguage":"en-GB","potentialAction":[{"@type":"ReadAction","target":["https:\/\/littlebig.sk\/navrat-do-skolky-po-letnych-prazdninach\/"]}]},{"@type":"ImageObject","inLanguage":"en-GB","@id":"https:\/\/littlebig.sk\/navrat-do-skolky-po-letnych-prazdninach\/#primaryimage","url":"https:\/\/littlebig.sk\/wp-content\/uploads\/2025\/01\/2148673124.jpg","contentUrl":"https:\/\/littlebig.sk\/wp-content\/uploads\/2025\/01\/2148673124.jpg","width":1000,"height":665,"caption":"Deti a vychov\u00e1vate\u013eka pri hre v materskej \u0161kole, zapojen\u00e9 do aktivity s dreven\u00fdmi hra\u010dkami na podlo\u017eke v jasne osvetlenej miestnosti. Zdroj Freepik"},{"@type":"BreadcrumbList","@id":"https:\/\/littlebig.sk\/navrat-do-skolky-po-letnych-prazdninach\/#breadcrumb","itemListElement":[{"@type":"ListItem","position":1,"name":"Domovsk\u00e1 str\u00e1nka","item":"https:\/\/littlebig.sk\/"},{"@type":"ListItem","position":2,"name":"N\u00e1vrat do \u0161k\u00f4lky po pr\u00e1zdnin\u00e1ch &#8211; 7 r\u00e1d ako podpori\u0165 die\u0165a pri adapt\u00e1cii"}]},{"@type":"WebSite","@id":"https:\/\/littlebig.sk\/#website","url":"https:\/\/littlebig.sk\/","name":"littleBIG","description":"Denne tvor\u00edme kr\u00e1sne detstvo","publisher":{"@id":"https:\/\/littlebig.sk\/#organization"},"potentialAction":[{"@type":"SearchAction","target":{"@type":"EntryPoint","urlTemplate":"https:\/\/littlebig.sk\/?s={search_term_string}"},"query-input":{"@type":"PropertyValueSpecification","valueRequired":true,"valueName":"search_term_string"}}],"inLanguage":"en-GB"},{"@type":"Organization","@id":"https:\/\/littlebig.sk\/#organization","name":"LittleBig","url":"https:\/\/littlebig.sk\/","logo":{"@type":"ImageObject","inLanguage":"en-GB","@id":"https:\/\/littlebig.sk\/#\/schema\/logo\/image\/","url":"https:\/\/littlebig.sk\/wp-content\/uploads\/2022\/06\/littlebig_logo.svg","contentUrl":"https:\/\/littlebig.sk\/wp-content\/uploads\/2022\/06\/littlebig_logo.svg","width":403,"height":123,"caption":"LittleBig"},"image":{"@id":"https:\/\/littlebig.sk\/#\/schema\/logo\/image\/"},"sameAs":["https:\/\/www.facebook.com\/littlebigba","https:\/\/www.instagram.com\/skolka_littlebig\/"]},{"@type":"Person","@id":"https:\/\/littlebig.sk\/#\/schema\/person\/73aaec86f012f16562382bcb65f0841f","name":"PhDr. Ivana Kalisk\u00e1 Klapkov\u00e1","image":{"@type":"ImageObject","inLanguage":"en-GB","@id":"https:\/\/littlebig.sk\/#\/schema\/person\/image\/","url":"https:\/\/secure.gravatar.com\/avatar\/c5e3ccad238b550de7ca79cbaaabbdab42caa75676a995d92a667fe5f78d0e6f?s=96&d=mm&r=g","contentUrl":"https:\/\/secure.gravatar.com\/avatar\/c5e3ccad238b550de7ca79cbaaabbdab42caa75676a995d92a667fe5f78d0e6f?s=96&d=mm&r=g","caption":"PhDr. Ivana Kalisk\u00e1 Klapkov\u00e1"},"sameAs":["https:\/\/littlebig.sk"],"url":"https:\/\/littlebig.sk\/en\/author\/admin\/"}]}},"_links":{"self":[{"href":"https:\/\/littlebig.sk\/en\/wp-json\/wp\/v2\/posts\/13711","targetHints":{"allow":["GET"]}}],"collection":[{"href":"https:\/\/littlebig.sk\/en\/wp-json\/wp\/v2\/posts"}],"about":[{"href":"https:\/\/littlebig.sk\/en\/wp-json\/wp\/v2\/types\/post"}],"author":[{"embeddable":true,"href":"https:\/\/littlebig.sk\/en\/wp-json\/wp\/v2\/users\/1"}],"replies":[{"embeddable":true,"href":"https:\/\/littlebig.sk\/en\/wp-json\/wp\/v2\/comments?post=13711"}],"version-history":[{"count":1,"href":"https:\/\/littlebig.sk\/en\/wp-json\/wp\/v2\/posts\/13711\/revisions"}],"predecessor-version":[{"id":13712,"href":"https:\/\/littlebig.sk\/en\/wp-json\/wp\/v2\/posts\/13711\/revisions\/13712"}],"wp:featuredmedia":[{"embeddable":true,"href":"https:\/\/littlebig.sk\/en\/wp-json\/wp\/v2\/media\/12982"}],"wp:attachment":[{"href":"https:\/\/littlebig.sk\/en\/wp-json\/wp\/v2\/media?parent=13711"}],"wp:term":[{"taxonomy":"category","embeddable":true,"href":"https:\/\/littlebig.sk\/en\/wp-json\/wp\/v2\/categories?post=13711"},{"taxonomy":"post_tag","embeddable":true,"href":"https:\/\/littlebig.sk\/en\/wp-json\/wp\/v2\/tags?post=13711"}],"curies":[{"name":"wp","href":"https:\/\/api.w.org\/{rel}","templated":true}]}}