{"id":14012,"date":"2026-04-29T14:41:31","date_gmt":"2026-04-29T12:41:31","guid":{"rendered":"https:\/\/littlebig.sk\/?p=14012"},"modified":"2026-04-29T15:02:22","modified_gmt":"2026-04-29T13:02:22","slug":"skolska-reforma-a-e-prihlasky-do-materskej-skoly-sprievodca-pre-rodicov-2026-2027","status":"publish","type":"post","link":"https:\/\/littlebig.sk\/en\/skolska-reforma-a-e-prihlasky-do-materskej-skoly-sprievodca-pre-rodicov-2026-2027\/","title":{"rendered":"\u0160kolsk\u00e1 reforma a e-prihl\u00e1\u0161ky do materskej \u0161koly:  Sprievodca pre rodi\u010dov 2026\/2027"},"content":{"rendered":"<p><em>V\u0161etko, \u010do potrebujete vedie\u0165 o povinn\u00fdch zmen\u00e1ch v predprim\u00e1rnom vzdel\u00e1van\u00ed \u2013 harmonogram, e-prihl\u00e1\u0161ky do materskej \u0161koly a zmeny.<\/em><\/p>\n\n\n\n<h2 class=\"wp-block-heading has-medium-font-size\">\u010co sa dozviete v tomto \u010dl\u00e1nku<\/h2>\n\n\n\n<p>Preh\u013ead zmien, ktor\u00e9 nov\u00e1 reforma prin\u00e1\u0161a pre matersk\u00e9 \u0161koly \u2013 od nov\u00e9ho syst\u00e9mu e-prihl\u00e1\u0161ok a\u017e po roz\u0161\u00edrenie povinn\u00e9ho predprim\u00e1rneho vzdel\u00e1vania.<\/p>\n\n\n\n<h2 class=\"wp-block-heading has-large-font-size\">Harmonogram zmien: Kedy \u010do za\u010d\u00edna plati\u0165?<\/h2>\n\n\n\n<div class=\"wp-block-columns is-layout-flex wp-container-core-columns-is-layout-28f84493 wp-block-columns-is-layout-flex\">\n<div class=\"wp-block-column is-layout-flow wp-block-column-is-layout-flow\" style=\"flex-basis:50%\">\n<p class=\"has-text-align-center\">01.05.2026 <\/p>\n\n\n\n<p class=\"has-text-align-center\">01.01.2027<\/p>\n\n\n\n<p class=\"has-text-align-center\">September 2027<\/p>\n\n\n\n<p class=\"has-text-align-center\">September 2028<\/p>\n<\/div>\n\n\n\n<div class=\"wp-block-column is-layout-flow wp-block-column-is-layout-flow\" style=\"flex-basis:50%\">\n<p>Spustenie platformy e-Prihl\u00e1\u0161ky.<\/p>\n\n\n\n<p>Zmena obdobia z\u00e1pisu a pod\u00e1vania e-Prihl\u00e1\u0161ky<\/p>\n\n\n\n<p>Povinn\u00e9 predprim\u00e1rne vzdel\u00e1vanie pre 4-ro\u010dn\u00e9 deti.<\/p>\n\n\n\n<p>Povinn\u00e9 predprim\u00e1rne vzdel\u00e1vanie pre 3-ro\u010dn\u00e9 deti. <\/p>\n<\/div>\n<\/div>\n\n\n\n<h2 class=\"wp-block-heading has-large-font-size\">e-Prihl\u00e1\u0161ky do materskej \u0161koly &#8211; koniec papierov pri z\u00e1pise<\/h2>\n\n\n\n<p>e-Prihl\u00e1\u0161ky s\u00fa jednotn\u00fd elektronick\u00fd syst\u00e9m na port\u00e1li eprihlasky.iedu.sk, ktor\u00fd nahradzuje papierov\u00e9 prihl\u00e1\u0161ky a r\u00f4zne \u0161kolsk\u00e9 formul\u00e1re. Pokr\u00fdva cel\u00fd proces prij\u00edmania det\u00ed \u2013 od v\u00fdberu \u0161koly a\u017e po rozhodnutie o prijat\u00ed. Syst\u00e9m funguje pre matersk\u00e9, z\u00e1kladn\u00e9 aj stredn\u00e9 \u0161koly.<\/p>\n\n\n\n<p>Nie je to ni\u010d zlo\u017eit\u00e9, pripravili sme pre v\u00e1s <strong><a href=\"https:\/\/littlebig.sk\/en\/e-prihlasky-do-materskej-skoly\/\">N\u00c1VOD NA E-PRIHL\u00c1\u0160KY<\/a><\/strong><\/p>\n\n\n\n<h3 class=\"wp-block-heading has-medium-font-size\">Term\u00edny pod\u00e1vania e-prihl\u00e1\u0161ky do materskej \u0161koly (D\u00d4LE\u017dIT\u00c1 ZMENA)<\/h3>\n\n\n\n<p><strong>Matersk\u00e9 \u0161koly:&nbsp;<\/strong>1. m\u00e1j \u2013 31. m\u00e1j 2026. Die\u0165a m\u00f4\u017ee by\u0165 prijat\u00e9 aj po\u010das \u0161kolsk\u00e9ho roka, ak to kapacita umo\u017en\u00ed.<\/p>\n\n\n\n<p><strong>Pozor na zmenu<\/strong>:  Pre \u0161kolsk\u00fd rok 2026\/2027 sa prihl\u00e1\u0161ka do M\u0160 pod\u00e1va v doteraj\u0161\u00edch term\u00ednoch (1.\u201331. m\u00e1j 2026). <\/p>\n\n\n\n<p><strong>No od \u0161kolsk\u00e9ho roku 2027\/2028 sa term\u00edn pos\u00fava na 1. apr\u00edl \u2013 31. m\u00e1j 2027. (dva mesiace)<\/strong><\/p>\n\n\n\n<p class=\"has-medium-font-size\">Podrobn\u00fd n\u00e1vod na e-prihl\u00e1\u0161ky do materskej \u0161koly n\u00e1jdete v <strong>tomto \u02c7\u010dl\u00e1nku.<\/strong><\/p>\n\n\n\n<figure class=\"wp-block-image size-large\"><img fetchpriority=\"high\" decoding=\"async\" width=\"1024\" height=\"686\" src=\"https:\/\/littlebig.sk\/wp-content\/uploads\/2026\/04\/2226-1024x686.jpg\" alt=\"\" class=\"wp-image-14014\" srcset=\"https:\/\/littlebig.sk\/wp-content\/uploads\/2026\/04\/2226-1024x686.jpg 1024w, https:\/\/littlebig.sk\/wp-content\/uploads\/2026\/04\/2226-300x201.jpg 300w, https:\/\/littlebig.sk\/wp-content\/uploads\/2026\/04\/2226-768x515.jpg 768w, https:\/\/littlebig.sk\/wp-content\/uploads\/2026\/04\/2226-18x12.jpg 18w, https:\/\/littlebig.sk\/wp-content\/uploads\/2026\/04\/2226.jpg 1500w\" sizes=\"(max-width: 1024px) 100vw, 1024px\" \/><\/figure>\n\n\n\n<p class=\"has-small-font-size\"><a href=\"https:\/\/www.magnific.com\/free-photo\/school-multi-colored-supplies-pencils-drawn-cloud-with-copy-space-text_9485082.htm#fromView=search&amp;page=1&amp;position=10&amp;uuid=206c2c4f-767e-4873-bf94-6bbb22db8d33&amp;query=kindergarten+date\">Obr\u00e1zok od shangarey, Zdroj: Magnific<\/a><\/p>\n\n\n\n<h2 class=\"wp-block-heading has-large-font-size\">Povinn\u00e1 \u0161k\u00f4lka: \u010co to znamen\u00e1 pre va\u0161u rodinu?<\/h2>\n\n\n\n<p>V s\u00fa\u010dasnosti je povinn\u00e9 predprim\u00e1rne vzdel\u00e1vanie pre <strong>ka\u017ed\u00e9 die\u0165a, ktor\u00e9 dov\u0155\u0161i p\u00e4\u0165 rokov do 31. augusta pred za\u010diatkom \u0161kolsk\u00e9ho roka<\/strong>. Die\u0165a mus\u00ed nav\u0161tevova\u0165 matersk\u00fa \u0161kolu <strong>minim\u00e1lne 4 hodiny denne<\/strong> v pracovn\u00fdch d\u0148och, okrem \u0161kolsk\u00fdch pr\u00e1zdnin. Alternat\u00edvne m\u00f4\u017ee plni\u0165 t\u00fato povinnos\u0165 formou individu\u00e1lneho (dom\u00e1ceho) vzdel\u00e1vania. Reforma tento r\u00e1mec v\u00fdrazne roz\u0161iruje a prin\u00e1\u0161a roz\u0161\u00edrenie povinnosti v dvoch f\u00e1zach::<\/p>\n\n\n\n<ul class=\"wp-block-list\">\n<li><strong>Od septembra 2027<\/strong>&nbsp;\u2013 povinn\u00e9 pre v\u0161etky deti, ktor\u00e9 dov\u0155\u0161ia vek 4 rokov do 31. augusta 2027.<\/li>\n\n\n\n<li><strong>Od septembra 2028<\/strong>&nbsp;\u2013 povinn\u00e9 pre v\u0161etky deti od 3 rokov s trval\u00fdm pobytom v SR.<\/li>\n<\/ul>\n\n\n\n<p>U\u017e dnes nav\u0161tevuje matersk\u00fa \u0161kolu viac ako tri \u0161tvrtiny trojro\u010dn\u00fdch det\u00ed. Pre v\u00e4\u010d\u0161inu rod\u00edn sa teda v praxi ni\u010d z\u00e1sadn\u00e9 nemen\u00ed. Reforma v\u0161ak mieri najm\u00e4 na deti, ktor\u00e9 kvalitn\u00fa predprim\u00e1rnu pr\u00edpravu doteraz nedost\u00e1vali.<\/p>\n\n\n\n<h2 class=\"wp-block-heading has-large-font-size\">Dom\u00e1ce vzdel\u00e1vanie: \u010co je alternat\u00edva k \u0161k\u00f4lke?<\/h2>\n\n\n\n<p>Dom\u00e1ce vzdel\u00e1vanie \u2013 form\u00e1lne \u201eindividu\u00e1lne vzdel\u00e1vanie\u201c \u2013 je alternat\u00edvna forma plnenia povinn\u00e9ho predprim\u00e1rneho vzdel\u00e1vania. Die\u0165a nemus\u00ed dennodenne doch\u00e1dza\u0165 do materskej \u0161koly, ale vzdel\u00e1va ho rodi\u010d doma. T\u00e1to mo\u017enos\u0165 je upraven\u00e1 v z\u00e1kone \u010d. 245\/2008 Z. z. (paragraf 28b). Z\u00e1kon si viete pre\u010d\u00edta\u0165 <strong><a href=\"https:\/\/www.slov-lex.sk\/ezbierky\/pravne-predpisy\/SK\/ZZ\/2008\/245\/#paragraf-28b.odsek-1\">TU,<\/a><\/strong><\/p>\n\n\n\n<figure class=\"wp-block-image size-large\"><img decoding=\"async\" width=\"1024\" height=\"571\" src=\"https:\/\/littlebig.sk\/wp-content\/uploads\/2026\/04\/6458-1024x571.jpg\" alt=\"\" class=\"wp-image-14013\" srcset=\"https:\/\/littlebig.sk\/wp-content\/uploads\/2026\/04\/6458-1024x571.jpg 1024w, https:\/\/littlebig.sk\/wp-content\/uploads\/2026\/04\/6458-300x167.jpg 300w, https:\/\/littlebig.sk\/wp-content\/uploads\/2026\/04\/6458-768x428.jpg 768w, https:\/\/littlebig.sk\/wp-content\/uploads\/2026\/04\/6458-18x10.jpg 18w, https:\/\/littlebig.sk\/wp-content\/uploads\/2026\/04\/6458.jpg 1500w\" sizes=\"(max-width: 1024px) 100vw, 1024px\" \/><\/figure>\n\n\n\n<p class=\"has-small-font-size\"><a href=\"https:\/\/www.magnific.com\/free-photo\/teacher-toddler-playing-with-maths-puzzle-game-sitting-table-kindergarten_39313189.htm#fromView=search&amp;page=1&amp;position=8&amp;uuid=61f70374-796f-4662-8b79-df7a9962fbd8&amp;query=kindergarten\">Obr\u00e1zok od krakenimages.com, zdroj:  Magnific<\/a><\/p>\n\n\n\n<p>Ak si neviete rady, m\u00f4\u017eete zavola\u0165 na Linku pre rodi\u010dov Ministerstva \u0161kolstva: 02\/322 844 98 (pracovn\u00e9 dni 8:00\u201319:00, v\u00edkendy 10:00\u201318:00). Sekciu pomoc a podpora od Ministerstva \u0161kolstva n\u00e1jdete <strong><a href=\"https:\/\/eprihlasky.iedu.sk\/Pomoc-a-podpora\">na tomto odkaze.<\/a><\/strong><\/p>\n\n\n\n<h2 class=\"wp-block-heading has-large-font-size\">Zdroje<\/h2>\n\n\n\n<p><strong>Port\u00e1l reformy \u2013 Predprim\u00e1rne vzdel\u00e1vanie:&nbsp;<\/strong><a href=\"https:\/\/reforma.iedu.sk\/predprimarne-vzdelavanie\/\">reforma.iedu.sk\/predprimarne-vzdelavanie<\/a><\/p>\n\n\n\n<p><strong>Port\u00e1l e-prihl\u00e1\u0161ky \u2013<\/strong> www.eprihlasky.iedu.sk<\/p>\n\n\n\n<p><strong>Ministerstvo \u0161kolstva SR \u2013 Matersk\u00e9 \u0161koly:&nbsp;<\/strong><a href=\"https:\/\/www.minedu.sk\/materske-skoly\/\">minedu.sk\/materske-skoly<\/a><\/p>\n\n\n\n<p><\/p>","protected":false},"excerpt":{"rendered":"<p>V\u0161etko, \u010do potrebujete vedie\u0165 o povinn\u00fdch zmen\u00e1ch v predprim\u00e1rnom vzdel\u00e1van\u00ed \u2013 harmonogram, e-prihl\u00e1\u0161ky do materskej \u0161koly a zmeny. \u010co sa dozviete v tomto \u010dl\u00e1nku Preh\u013ead zmien, ktor\u00e9 nov\u00e1 reforma prin\u00e1\u0161a pre matersk\u00e9 \u0161koly \u2013 od nov\u00e9ho syst\u00e9mu e-prihl\u00e1\u0161ok a\u017e po [&hellip;]<\/p>","protected":false},"author":1,"featured_media":14014,"comment_status":"closed","ping_status":"open","sticky":false,"template":"","format":"standard","meta":{"site-sidebar-layout":"default","site-content-layout":"","ast-site-content-layout":"default","site-content-style":"default","site-sidebar-style":"default","ast-global-header-display":"","ast-banner-title-visibility":"","ast-main-header-display":"","ast-hfb-above-header-display":"","ast-hfb-below-header-display":"","ast-hfb-mobile-header-display":"","site-post-title":"","ast-breadcrumbs-content":"","ast-featured-img":"","footer-sml-layout":"","theme-transparent-header-meta":"","adv-header-id-meta":"","stick-header-meta":"","header-above-stick-meta":"","header-main-stick-meta":"","header-below-stick-meta":"","astra-migrate-meta-layouts":"set","ast-page-background-enabled":"default","ast-page-background-meta":{"desktop":{"background-color":"var(--ast-global-color-4)","background-image":"","background-repeat":"repeat","background-position":"center center","background-size":"auto","background-attachment":"scroll","background-type":"","background-media":"","overlay-type":"","overlay-color":"","overlay-opacity":"","overlay-gradient":""},"tablet":{"background-color":"","background-image":"","background-repeat":"repeat","background-position":"center center","background-size":"auto","background-attachment":"scroll","background-type":"","background-media":"","overlay-type":"","overlay-color":"","overlay-opacity":"","overlay-gradient":""},"mobile":{"background-color":"","background-image":"","background-repeat":"repeat","background-position":"center center","background-size":"auto","background-attachment":"scroll","background-type":"","background-media":"","overlay-type":"","overlay-color":"","overlay-opacity":"","overlay-gradient":""}},"ast-content-background-meta":{"desktop":{"background-color":"var(--ast-global-color-5)","background-image":"","background-repeat":"repeat","background-position":"center center","background-size":"auto","background-attachment":"scroll","background-type":"","background-media":"","overlay-type":"","overlay-color":"","overlay-opacity":"","overlay-gradient":""},"tablet":{"background-color":"var(--ast-global-color-5)","background-image":"","background-repeat":"repeat","background-position":"center center","background-size":"auto","background-attachment":"scroll","background-type":"","background-media":"","overlay-type":"","overlay-color":"","overlay-opacity":"","overlay-gradient":""},"mobile":{"background-color":"var(--ast-global-color-5)","background-image":"","background-repeat":"repeat","background-position":"center center","background-size":"auto","background-attachment":"scroll","background-type":"","background-media":"","overlay-type":"","overlay-color":"","overlay-opacity":"","overlay-gradient":""}},"footnotes":""},"categories":[14],"tags":[],"class_list":["post-14012","post","type-post","status-publish","format-standard","has-post-thumbnail","hentry","category-novinky-zo-skolky"],"yoast_head":"<!-- This site is optimized with the Yoast SEO plugin v23.7 - https:\/\/yoast.com\/wordpress\/plugins\/seo\/ -->\n<title>\u0160kolsk\u00e1 reforma a e-Prihl\u00e1\u0161ky do materskej \u0161koly<\/title>\n<meta name=\"description\" content=\"V\u0161etko, \u010do potrebujete vedie\u0165 o povinn\u00fdch zmen\u00e1ch v predprim\u00e1rnom vzdel\u00e1van\u00ed \u2013 harmonogram, e-prihl\u00e1\u0161ky do materskej \u0161koly a zmeny.\" \/>\n<meta name=\"robots\" content=\"index, follow, max-snippet:-1, max-image-preview:large, max-video-preview:-1\" \/>\n<link rel=\"canonical\" href=\"https:\/\/littlebig.sk\/en\/skolska-reforma-a-e-prihlasky-do-materskej-skoly-sprievodca-pre-rodicov-2026-2027\/\" \/>\n<meta property=\"og:locale\" content=\"en_GB\" \/>\n<meta property=\"og:type\" content=\"article\" \/>\n<meta property=\"og:title\" content=\"\u0160kolsk\u00e1 reforma a e-Prihl\u00e1\u0161ky do materskej \u0161koly\" \/>\n<meta property=\"og:description\" content=\"V\u0161etko, \u010do potrebujete vedie\u0165 o povinn\u00fdch zmen\u00e1ch v predprim\u00e1rnom vzdel\u00e1van\u00ed \u2013 harmonogram, e-prihl\u00e1\u0161ky do materskej \u0161koly a zmeny.\" \/>\n<meta property=\"og:url\" content=\"https:\/\/littlebig.sk\/en\/skolska-reforma-a-e-prihlasky-do-materskej-skoly-sprievodca-pre-rodicov-2026-2027\/\" \/>\n<meta property=\"og:site_name\" content=\"littleBIG\" \/>\n<meta property=\"article:publisher\" content=\"https:\/\/www.facebook.com\/littlebigba\" \/>\n<meta property=\"article:published_time\" content=\"2026-04-29T12:41:31+00:00\" \/>\n<meta property=\"article:modified_time\" content=\"2026-04-29T13:02:22+00:00\" \/>\n<meta property=\"og:image\" content=\"https:\/\/littlebig.sk\/wp-content\/uploads\/2026\/04\/2226-1024x686.jpg\" \/>\n\t<meta property=\"og:image:width\" content=\"1024\" \/>\n\t<meta property=\"og:image:height\" content=\"686\" \/>\n\t<meta property=\"og:image:type\" content=\"image\/jpeg\" \/>\n<meta name=\"author\" content=\"PhDr. Ivana Kalisk\u00e1 Klapkov\u00e1\" \/>\n<meta name=\"twitter:card\" content=\"summary_large_image\" \/>\n<meta name=\"twitter:label1\" content=\"Written by\" \/>\n\t<meta name=\"twitter:data1\" content=\"PhDr. Ivana Kalisk\u00e1 Klapkov\u00e1\" \/>\n\t<meta name=\"twitter:label2\" content=\"Estimated reading time\" \/>\n\t<meta name=\"twitter:data2\" content=\"3 minutes\" \/>\n<script type=\"application\/ld+json\" class=\"yoast-schema-graph\">{\"@context\":\"https:\/\/schema.org\",\"@graph\":[{\"@type\":\"Article\",\"@id\":\"https:\/\/littlebig.sk\/skolska-reforma-a-e-prihlasky-do-materskej-skoly-sprievodca-pre-rodicov-2026-2027\/#article\",\"isPartOf\":{\"@id\":\"https:\/\/littlebig.sk\/skolska-reforma-a-e-prihlasky-do-materskej-skoly-sprievodca-pre-rodicov-2026-2027\/\"},\"author\":{\"name\":\"PhDr. Ivana Kalisk\u00e1 Klapkov\u00e1\",\"@id\":\"https:\/\/littlebig.sk\/#\/schema\/person\/73aaec86f012f16562382bcb65f0841f\"},\"headline\":\"\u0160kolsk\u00e1 reforma a e-prihl\u00e1\u0161ky do materskej \u0161koly: Sprievodca pre rodi\u010dov 2026\/2027\",\"datePublished\":\"2026-04-29T12:41:31+00:00\",\"dateModified\":\"2026-04-29T13:02:22+00:00\",\"mainEntityOfPage\":{\"@id\":\"https:\/\/littlebig.sk\/skolska-reforma-a-e-prihlasky-do-materskej-skoly-sprievodca-pre-rodicov-2026-2027\/\"},\"wordCount\":581,\"publisher\":{\"@id\":\"https:\/\/littlebig.sk\/#organization\"},\"image\":{\"@id\":\"https:\/\/littlebig.sk\/skolska-reforma-a-e-prihlasky-do-materskej-skoly-sprievodca-pre-rodicov-2026-2027\/#primaryimage\"},\"thumbnailUrl\":\"https:\/\/littlebig.sk\/wp-content\/uploads\/2026\/04\/2226.jpg\",\"articleSection\":[\"Novinky zo \u0161k\u00f4lky\"],\"inLanguage\":\"en-GB\"},{\"@type\":\"WebPage\",\"@id\":\"https:\/\/littlebig.sk\/skolska-reforma-a-e-prihlasky-do-materskej-skoly-sprievodca-pre-rodicov-2026-2027\/\",\"url\":\"https:\/\/littlebig.sk\/skolska-reforma-a-e-prihlasky-do-materskej-skoly-sprievodca-pre-rodicov-2026-2027\/\",\"name\":\"\u0160kolsk\u00e1 reforma a e-Prihl\u00e1\u0161ky do materskej \u0161koly\",\"isPartOf\":{\"@id\":\"https:\/\/littlebig.sk\/#website\"},\"primaryImageOfPage\":{\"@id\":\"https:\/\/littlebig.sk\/skolska-reforma-a-e-prihlasky-do-materskej-skoly-sprievodca-pre-rodicov-2026-2027\/#primaryimage\"},\"image\":{\"@id\":\"https:\/\/littlebig.sk\/skolska-reforma-a-e-prihlasky-do-materskej-skoly-sprievodca-pre-rodicov-2026-2027\/#primaryimage\"},\"thumbnailUrl\":\"https:\/\/littlebig.sk\/wp-content\/uploads\/2026\/04\/2226.jpg\",\"datePublished\":\"2026-04-29T12:41:31+00:00\",\"dateModified\":\"2026-04-29T13:02:22+00:00\",\"description\":\"V\u0161etko, \u010do potrebujete vedie\u0165 o povinn\u00fdch zmen\u00e1ch v predprim\u00e1rnom vzdel\u00e1van\u00ed \u2013 harmonogram, e-prihl\u00e1\u0161ky do materskej \u0161koly a zmeny.\",\"breadcrumb\":{\"@id\":\"https:\/\/littlebig.sk\/skolska-reforma-a-e-prihlasky-do-materskej-skoly-sprievodca-pre-rodicov-2026-2027\/#breadcrumb\"},\"inLanguage\":\"en-GB\",\"potentialAction\":[{\"@type\":\"ReadAction\",\"target\":[\"https:\/\/littlebig.sk\/skolska-reforma-a-e-prihlasky-do-materskej-skoly-sprievodca-pre-rodicov-2026-2027\/\"]}]},{\"@type\":\"ImageObject\",\"inLanguage\":\"en-GB\",\"@id\":\"https:\/\/littlebig.sk\/skolska-reforma-a-e-prihlasky-do-materskej-skoly-sprievodca-pre-rodicov-2026-2027\/#primaryimage\",\"url\":\"https:\/\/littlebig.sk\/wp-content\/uploads\/2026\/04\/2226.jpg\",\"contentUrl\":\"https:\/\/littlebig.sk\/wp-content\/uploads\/2026\/04\/2226.jpg\",\"width\":1500,\"height\":1005},{\"@type\":\"BreadcrumbList\",\"@id\":\"https:\/\/littlebig.sk\/skolska-reforma-a-e-prihlasky-do-materskej-skoly-sprievodca-pre-rodicov-2026-2027\/#breadcrumb\",\"itemListElement\":[{\"@type\":\"ListItem\",\"position\":1,\"name\":\"Domovsk\u00e1 str\u00e1nka\",\"item\":\"https:\/\/littlebig.sk\/\"},{\"@type\":\"ListItem\",\"position\":2,\"name\":\"\u0160kolsk\u00e1 reforma a e-prihl\u00e1\u0161ky do materskej \u0161koly: Sprievodca pre rodi\u010dov 2026\/2027\"}]},{\"@type\":\"WebSite\",\"@id\":\"https:\/\/littlebig.sk\/#website\",\"url\":\"https:\/\/littlebig.sk\/\",\"name\":\"littleBIG\",\"description\":\"Denne tvor\u00edme kr\u00e1sne detstvo\",\"publisher\":{\"@id\":\"https:\/\/littlebig.sk\/#organization\"},\"potentialAction\":[{\"@type\":\"SearchAction\",\"target\":{\"@type\":\"EntryPoint\",\"urlTemplate\":\"https:\/\/littlebig.sk\/?s={search_term_string}\"},\"query-input\":{\"@type\":\"PropertyValueSpecification\",\"valueRequired\":true,\"valueName\":\"search_term_string\"}}],\"inLanguage\":\"en-GB\"},{\"@type\":\"Organization\",\"@id\":\"https:\/\/littlebig.sk\/#organization\",\"name\":\"LittleBig\",\"url\":\"https:\/\/littlebig.sk\/\",\"logo\":{\"@type\":\"ImageObject\",\"inLanguage\":\"en-GB\",\"@id\":\"https:\/\/littlebig.sk\/#\/schema\/logo\/image\/\",\"url\":\"https:\/\/littlebig.sk\/wp-content\/uploads\/2022\/06\/littlebig_logo.svg\",\"contentUrl\":\"https:\/\/littlebig.sk\/wp-content\/uploads\/2022\/06\/littlebig_logo.svg\",\"width\":403,\"height\":123,\"caption\":\"LittleBig\"},\"image\":{\"@id\":\"https:\/\/littlebig.sk\/#\/schema\/logo\/image\/\"},\"sameAs\":[\"https:\/\/www.facebook.com\/littlebigba\",\"https:\/\/www.instagram.com\/skolka_littlebig\/\"]},{\"@type\":\"Person\",\"@id\":\"https:\/\/littlebig.sk\/#\/schema\/person\/73aaec86f012f16562382bcb65f0841f\",\"name\":\"PhDr. Ivana Kalisk\u00e1 Klapkov\u00e1\",\"image\":{\"@type\":\"ImageObject\",\"inLanguage\":\"en-GB\",\"@id\":\"https:\/\/littlebig.sk\/#\/schema\/person\/image\/\",\"url\":\"https:\/\/secure.gravatar.com\/avatar\/c5e3ccad238b550de7ca79cbaaabbdab42caa75676a995d92a667fe5f78d0e6f?s=96&d=mm&r=g\",\"contentUrl\":\"https:\/\/secure.gravatar.com\/avatar\/c5e3ccad238b550de7ca79cbaaabbdab42caa75676a995d92a667fe5f78d0e6f?s=96&d=mm&r=g\",\"caption\":\"PhDr. Ivana Kalisk\u00e1 Klapkov\u00e1\"},\"sameAs\":[\"https:\/\/littlebig.sk\"],\"url\":\"https:\/\/littlebig.sk\/en\/author\/admin\/\"}]}<\/script>\n<!-- \/ Yoast SEO plugin. -->","yoast_head_json":{"title":"\u0160kolsk\u00e1 reforma a e-Prihl\u00e1\u0161ky do materskej \u0161koly","description":"V\u0161etko, \u010do potrebujete vedie\u0165 o povinn\u00fdch zmen\u00e1ch v predprim\u00e1rnom vzdel\u00e1van\u00ed \u2013 harmonogram, e-prihl\u00e1\u0161ky do materskej \u0161koly a zmeny.","robots":{"index":"index","follow":"follow","max-snippet":"max-snippet:-1","max-image-preview":"max-image-preview:large","max-video-preview":"max-video-preview:-1"},"canonical":"https:\/\/littlebig.sk\/en\/skolska-reforma-a-e-prihlasky-do-materskej-skoly-sprievodca-pre-rodicov-2026-2027\/","og_locale":"en_GB","og_type":"article","og_title":"\u0160kolsk\u00e1 reforma a e-Prihl\u00e1\u0161ky do materskej \u0161koly","og_description":"V\u0161etko, \u010do potrebujete vedie\u0165 o povinn\u00fdch zmen\u00e1ch v predprim\u00e1rnom vzdel\u00e1van\u00ed \u2013 harmonogram, e-prihl\u00e1\u0161ky do materskej \u0161koly a zmeny.","og_url":"https:\/\/littlebig.sk\/en\/skolska-reforma-a-e-prihlasky-do-materskej-skoly-sprievodca-pre-rodicov-2026-2027\/","og_site_name":"littleBIG","article_publisher":"https:\/\/www.facebook.com\/littlebigba","article_published_time":"2026-04-29T12:41:31+00:00","article_modified_time":"2026-04-29T13:02:22+00:00","og_image":[{"width":1024,"height":686,"url":"https:\/\/littlebig.sk\/wp-content\/uploads\/2026\/04\/2226-1024x686.jpg","type":"image\/jpeg"}],"author":"PhDr. Ivana Kalisk\u00e1 Klapkov\u00e1","twitter_card":"summary_large_image","twitter_misc":{"Written by":"PhDr. Ivana Kalisk\u00e1 Klapkov\u00e1","Estimated reading time":"3 minutes"},"schema":{"@context":"https:\/\/schema.org","@graph":[{"@type":"Article","@id":"https:\/\/littlebig.sk\/skolska-reforma-a-e-prihlasky-do-materskej-skoly-sprievodca-pre-rodicov-2026-2027\/#article","isPartOf":{"@id":"https:\/\/littlebig.sk\/skolska-reforma-a-e-prihlasky-do-materskej-skoly-sprievodca-pre-rodicov-2026-2027\/"},"author":{"name":"PhDr. Ivana Kalisk\u00e1 Klapkov\u00e1","@id":"https:\/\/littlebig.sk\/#\/schema\/person\/73aaec86f012f16562382bcb65f0841f"},"headline":"\u0160kolsk\u00e1 reforma a e-prihl\u00e1\u0161ky do materskej \u0161koly: Sprievodca pre rodi\u010dov 2026\/2027","datePublished":"2026-04-29T12:41:31+00:00","dateModified":"2026-04-29T13:02:22+00:00","mainEntityOfPage":{"@id":"https:\/\/littlebig.sk\/skolska-reforma-a-e-prihlasky-do-materskej-skoly-sprievodca-pre-rodicov-2026-2027\/"},"wordCount":581,"publisher":{"@id":"https:\/\/littlebig.sk\/#organization"},"image":{"@id":"https:\/\/littlebig.sk\/skolska-reforma-a-e-prihlasky-do-materskej-skoly-sprievodca-pre-rodicov-2026-2027\/#primaryimage"},"thumbnailUrl":"https:\/\/littlebig.sk\/wp-content\/uploads\/2026\/04\/2226.jpg","articleSection":["Novinky zo \u0161k\u00f4lky"],"inLanguage":"en-GB"},{"@type":"WebPage","@id":"https:\/\/littlebig.sk\/skolska-reforma-a-e-prihlasky-do-materskej-skoly-sprievodca-pre-rodicov-2026-2027\/","url":"https:\/\/littlebig.sk\/skolska-reforma-a-e-prihlasky-do-materskej-skoly-sprievodca-pre-rodicov-2026-2027\/","name":"\u0160kolsk\u00e1 reforma a e-Prihl\u00e1\u0161ky do materskej \u0161koly","isPartOf":{"@id":"https:\/\/littlebig.sk\/#website"},"primaryImageOfPage":{"@id":"https:\/\/littlebig.sk\/skolska-reforma-a-e-prihlasky-do-materskej-skoly-sprievodca-pre-rodicov-2026-2027\/#primaryimage"},"image":{"@id":"https:\/\/littlebig.sk\/skolska-reforma-a-e-prihlasky-do-materskej-skoly-sprievodca-pre-rodicov-2026-2027\/#primaryimage"},"thumbnailUrl":"https:\/\/littlebig.sk\/wp-content\/uploads\/2026\/04\/2226.jpg","datePublished":"2026-04-29T12:41:31+00:00","dateModified":"2026-04-29T13:02:22+00:00","description":"V\u0161etko, \u010do potrebujete vedie\u0165 o povinn\u00fdch zmen\u00e1ch v predprim\u00e1rnom vzdel\u00e1van\u00ed \u2013 harmonogram, e-prihl\u00e1\u0161ky do materskej \u0161koly a zmeny.","breadcrumb":{"@id":"https:\/\/littlebig.sk\/skolska-reforma-a-e-prihlasky-do-materskej-skoly-sprievodca-pre-rodicov-2026-2027\/#breadcrumb"},"inLanguage":"en-GB","potentialAction":[{"@type":"ReadAction","target":["https:\/\/littlebig.sk\/skolska-reforma-a-e-prihlasky-do-materskej-skoly-sprievodca-pre-rodicov-2026-2027\/"]}]},{"@type":"ImageObject","inLanguage":"en-GB","@id":"https:\/\/littlebig.sk\/skolska-reforma-a-e-prihlasky-do-materskej-skoly-sprievodca-pre-rodicov-2026-2027\/#primaryimage","url":"https:\/\/littlebig.sk\/wp-content\/uploads\/2026\/04\/2226.jpg","contentUrl":"https:\/\/littlebig.sk\/wp-content\/uploads\/2026\/04\/2226.jpg","width":1500,"height":1005},{"@type":"BreadcrumbList","@id":"https:\/\/littlebig.sk\/skolska-reforma-a-e-prihlasky-do-materskej-skoly-sprievodca-pre-rodicov-2026-2027\/#breadcrumb","itemListElement":[{"@type":"ListItem","position":1,"name":"Domovsk\u00e1 str\u00e1nka","item":"https:\/\/littlebig.sk\/"},{"@type":"ListItem","position":2,"name":"\u0160kolsk\u00e1 reforma a e-prihl\u00e1\u0161ky do materskej \u0161koly: Sprievodca pre rodi\u010dov 2026\/2027"}]},{"@type":"WebSite","@id":"https:\/\/littlebig.sk\/#website","url":"https:\/\/littlebig.sk\/","name":"littleBIG","description":"Denne tvor\u00edme kr\u00e1sne detstvo","publisher":{"@id":"https:\/\/littlebig.sk\/#organization"},"potentialAction":[{"@type":"SearchAction","target":{"@type":"EntryPoint","urlTemplate":"https:\/\/littlebig.sk\/?s={search_term_string}"},"query-input":{"@type":"PropertyValueSpecification","valueRequired":true,"valueName":"search_term_string"}}],"inLanguage":"en-GB"},{"@type":"Organization","@id":"https:\/\/littlebig.sk\/#organization","name":"LittleBig","url":"https:\/\/littlebig.sk\/","logo":{"@type":"ImageObject","inLanguage":"en-GB","@id":"https:\/\/littlebig.sk\/#\/schema\/logo\/image\/","url":"https:\/\/littlebig.sk\/wp-content\/uploads\/2022\/06\/littlebig_logo.svg","contentUrl":"https:\/\/littlebig.sk\/wp-content\/uploads\/2022\/06\/littlebig_logo.svg","width":403,"height":123,"caption":"LittleBig"},"image":{"@id":"https:\/\/littlebig.sk\/#\/schema\/logo\/image\/"},"sameAs":["https:\/\/www.facebook.com\/littlebigba","https:\/\/www.instagram.com\/skolka_littlebig\/"]},{"@type":"Person","@id":"https:\/\/littlebig.sk\/#\/schema\/person\/73aaec86f012f16562382bcb65f0841f","name":"PhDr. Ivana Kalisk\u00e1 Klapkov\u00e1","image":{"@type":"ImageObject","inLanguage":"en-GB","@id":"https:\/\/littlebig.sk\/#\/schema\/person\/image\/","url":"https:\/\/secure.gravatar.com\/avatar\/c5e3ccad238b550de7ca79cbaaabbdab42caa75676a995d92a667fe5f78d0e6f?s=96&d=mm&r=g","contentUrl":"https:\/\/secure.gravatar.com\/avatar\/c5e3ccad238b550de7ca79cbaaabbdab42caa75676a995d92a667fe5f78d0e6f?s=96&d=mm&r=g","caption":"PhDr. Ivana Kalisk\u00e1 Klapkov\u00e1"},"sameAs":["https:\/\/littlebig.sk"],"url":"https:\/\/littlebig.sk\/en\/author\/admin\/"}]}},"_links":{"self":[{"href":"https:\/\/littlebig.sk\/en\/wp-json\/wp\/v2\/posts\/14012","targetHints":{"allow":["GET"]}}],"collection":[{"href":"https:\/\/littlebig.sk\/en\/wp-json\/wp\/v2\/posts"}],"about":[{"href":"https:\/\/littlebig.sk\/en\/wp-json\/wp\/v2\/types\/post"}],"author":[{"embeddable":true,"href":"https:\/\/littlebig.sk\/en\/wp-json\/wp\/v2\/users\/1"}],"replies":[{"embeddable":true,"href":"https:\/\/littlebig.sk\/en\/wp-json\/wp\/v2\/comments?post=14012"}],"version-history":[{"count":5,"href":"https:\/\/littlebig.sk\/en\/wp-json\/wp\/v2\/posts\/14012\/revisions"}],"predecessor-version":[{"id":14029,"href":"https:\/\/littlebig.sk\/en\/wp-json\/wp\/v2\/posts\/14012\/revisions\/14029"}],"wp:featuredmedia":[{"embeddable":true,"href":"https:\/\/littlebig.sk\/en\/wp-json\/wp\/v2\/media\/14014"}],"wp:attachment":[{"href":"https:\/\/littlebig.sk\/en\/wp-json\/wp\/v2\/media?parent=14012"}],"wp:term":[{"taxonomy":"category","embeddable":true,"href":"https:\/\/littlebig.sk\/en\/wp-json\/wp\/v2\/categories?post=14012"},{"taxonomy":"post_tag","embeddable":true,"href":"https:\/\/littlebig.sk\/en\/wp-json\/wp\/v2\/tags?post=14012"}],"curies":[{"name":"wp","href":"https:\/\/api.w.org\/{rel}","templated":true}]}}