{"id":8290,"date":"2023-12-22T16:13:19","date_gmt":"2023-12-22T15:13:19","guid":{"rendered":"https:\/\/littlebig.sk\/?p=8290"},"modified":"2024-04-06T16:35:08","modified_gmt":"2024-04-06T14:35:08","slug":"ako-zapojit-deti-do-pripravy-vianoc-a-nezblaznit-sa-pri-tom","status":"publish","type":"post","link":"https:\/\/littlebig.sk\/en\/ako-zapojit-deti-do-pripravy-vianoc-a-nezblaznit-sa-pri-tom\/","title":{"rendered":"Ako zapoji\u0165 deti do pr\u00edpravy Vianoc a\u00a0nezbl\u00e1zni\u0165 sa pri tom"},"content":{"rendered":"<p><strong>Spolo\u010dn\u00fd n\u00e1dych&nbsp;celej rodiny je&nbsp;viac ako potrebn\u00fd na pr\u00edpravu rodinnej atmosf\u00e9ry pred najv\u00e4\u010d\u0161\u00edmi sviatkami v&nbsp;roku. Nap\u00e4tie a&nbsp;stres&nbsp;z&nbsp;Vianoc&nbsp;c\u00edtia aj deti a&nbsp;na to,&nbsp;ako vieme pripravi\u0165 rodinn\u00fa atmosf\u00e9ru sme sa rozpr\u00e1vali s&nbsp;detskou psychologi\u010dkou zo \u0161k\u00f4lky&nbsp;littleBIG&nbsp;Veronikou&nbsp;Or\u0161anskou&nbsp;a&nbsp;zria\u010fovate\u013ekou \u0161k\u00f4lky&nbsp;littleBIG&nbsp;Ivanou&nbsp;Kaliskou&nbsp;Klapkovou.<\/strong><\/p>\n\n\n\n<h2 class=\"wp-block-heading has-medium-font-size\"><strong>Ako m\u00f4\u017ee vpl\u00fdva\u0165 na deti predviano\u010dn\u00e9 obdobie?<\/strong><\/h2>\n\n\n\n<p><strong>Veronika:<\/strong>&nbsp;Obdobie Vianoc vn\u00edmame ako&nbsp;\u010das&nbsp;\u0161\u0165astia&nbsp;a&nbsp;l\u00e1sky.&nbsp;Obdobie, kedy&nbsp;rodina bude spolu. Samozrejme, vn\u00edmame ho aj cez&nbsp;dar\u010deky. Deti&nbsp;v\u0161ak c\u00edtia&nbsp;stres&nbsp;nielen&nbsp;z&nbsp;rodi\u010dov, ale aj z&nbsp;cel\u00e9ho okolia&nbsp;a pom\u00f4c\u0165&nbsp;k&nbsp;jeho zn\u00ed\u017eeniu&nbsp;m\u00f4\u017eeme spr\u00e1vnou komunik\u00e1ciou. De\u0165om&nbsp;m\u00f4\u017eeme&nbsp;prizna\u0165,&nbsp;\u017ee&nbsp;aj ke\u010f je viano\u010dn\u00e9 obdobie kr\u00e1sne, z\u00e1rove\u0148 je aj stresuj\u00face. Ve\u013ea vec\u00ed treba stihn\u00fa\u0165 pred nov\u00fdm rokom a&nbsp;ve\u013ea&nbsp;vec\u00ed treba&nbsp;aj&nbsp;pripravi\u0165. Prv\u00fd moment je \u00faprimnos\u0165 &#8211;&nbsp;rodi\u010dia&nbsp;by mali by\u0165&nbsp;otvoren\u00ed&nbsp;a&nbsp;poveda\u0165,pre\u010do s\u00fa nerv\u00f3zni.&nbsp;&nbsp;<\/p>\n\n\n\n<p><strong>Ivana:<\/strong>&nbsp;Pre deti je ove\u013ea v\u00e4\u010d\u0161\u00ed zm\u00e4tok, ke\u010f nevedia pre\u010do je okolo nich nap\u00e4tie a&nbsp;pr\u00edpadne aj stres.&nbsp;Oni ho&nbsp;toti\u017e&nbsp;c\u00edtia, ale nevedia ho&nbsp;pomenova\u0165.&nbsp;K\u013eudne si m\u00f4\u017eeme dovoli\u0165 s&nbsp;de\u0165mi o&nbsp;tom otvorene rozpr\u00e1va\u0165.&nbsp;T\u00fdm, \u017ee chceme pripravi\u0165&nbsp;pokojn\u00fa atmosf\u00e9ru Vianoc, tak&nbsp;paradoxne vytv\u00e1rame&nbsp;nap\u00e4tie. \u010casto sa st\u00e1va, \u017ee die\u0165a\u0165u nechtiac nie\u010do komunikujeme nevhodne,&nbsp;alebo&nbsp;na neho&nbsp;zle&nbsp;zareagujeme.&nbsp;<\/p>\n\n\n\n<h2 class=\"wp-block-heading has-medium-font-size\"><strong>Ako m\u00f4\u017eeme pred\u00eds\u0165 nevhodnej reakcii u die\u0165a\u0165a<\/strong><strong>? Je nie\u010do,&nbsp;<\/strong><strong>\u010do m\u00f4\u017eeme urobi\u0165 inak, aby die\u0165a nemalo pocit, \u017ee je nie\u010domu na vine?<\/strong><\/h2>\n\n\n\n<p><strong>Ivana:<\/strong>&nbsp;Matka&nbsp;m\u00f4\u017ee die\u0165a\u0165u vysvetli\u0165, \u017ee je toho teraz stra\u0161ne ve\u013ea lebo sa sna\u017e\u00ed zabezpe\u010di\u0165 v\u0161etko&nbsp;&#8211;&nbsp;od jedla&nbsp;a\u017e&nbsp;po poriadok&nbsp;v&nbsp;dom\u00e1cnosti. M\u00f4\u017ee die\u0165a po\u017eiada\u0165 o&nbsp;pomoc a&nbsp;tak pr\u00edpravu&nbsp;vedia kr\u00e1sne&nbsp;a spolu zvl\u00e1dnu\u0165.&nbsp;Nevhodn\u00e1 reakcia m\u00f4\u017ee nasta\u0165 pr\u00e1ve vtedy, ke\u010f rodi\u010d \u00faprimne nekomunikuje svoju nervozitu a&nbsp;nap\u00e4tie.V\u0161etci sme v\u0161ak \u013eudia a&nbsp;ke\u010f aj nevhodne zareagujeme (kri\u010d\u00edme), je d\u00f4le\u017eit\u00e9 sa o&nbsp;tom s&nbsp;die\u0165a\u0165om porozpr\u00e1va\u0165 a&nbsp;vysvetli\u0165 mu, \u017ee sme vybuchli.<\/p>\n\n\n\n<p><strong>Veronika:<\/strong>&nbsp;Deti s\u00fa ve\u013emi citliv\u00e9 a&nbsp;nervozitu&nbsp;v\u017edy vyc\u00edtia. Pr\u00e1ve v&nbsp;tomto momente sa sna\u017eia z\u00edska\u0165 pozornos\u0165 rodi\u010da nevhodn\u00fdm spr\u00e1van\u00edm. Toto deti nerobia naschv\u00e1l, aby n\u00e1s nahnevali. Je to len preto, lebo im na tej situ\u00e1cii nie\u010do nesed\u00ed.&nbsp;Od mali\u010dka by sme im mali vysvet\u013eova\u0165 situ\u00e1cie. C\u00edtia toti\u017e d\u00f4veru. D\u00f4veru budujeme pr\u00e1ve tak, \u017ee je rodi\u010d k&nbsp;die\u0165a\u0165u \u00faprimn\u00fd. M\u00f4\u017ee sa sta\u0165, samozrejme, \u017ee die\u0165a situ\u00e1ciu nepochop\u00ed, ale komunik\u00e1cia prispeje k&nbsp;d\u00f4vere. A&nbsp;to je k\u013e\u00fa\u010dov\u00e9.&nbsp;<\/p>\n\n\n\n<h2 class=\"wp-block-heading has-medium-font-size\"><strong>Ako vyzer\u00e1 predviano\u010dn\u00e9 obdobie v&nbsp;\u0161k\u00f4lke? Ako \u0161k\u00f4lka vie pom\u00f4c\u0165, aby sa die\u0165a pripravilo na viano\u010dn\u00e9 obdobie<\/strong><strong>&nbsp;doma<\/strong><strong>?<\/strong><\/h2>\n\n\n\n<p><strong>Ivana:<\/strong>&nbsp;Predviano\u010dn\u00e9 obdobie je v&nbsp;\u0161k\u00f4lke to najob\u013e\u00fabenej\u0161ie. Toto obdobie je ve\u013emi kreat\u00edvne. Deti neust\u00e1le nie\u010do zauj\u00edmav\u00e9 vyr\u00e1baj\u00fa a&nbsp;pripravuj\u00fa. Rozpr\u00e1vame si pr\u00edbehy o&nbsp;Vianociach, zvykoch&nbsp;a trad\u00edci\u00e1ch&#8230;&nbsp;Pripravujeme&nbsp;napr\u00edklad&nbsp;viano\u010dn\u00e9 trhy tak\u017ee&nbsp;pe\u010dieme kol\u00e1\u010diky&nbsp;a&nbsp;vyr\u00e1bame ozdoby. Ka\u017ed\u00e1 trieda m\u00e1 adventn\u00fd kalend\u00e1r, ktor\u00fd si otvoria v&nbsp;dan\u00fd de\u0148 a&nbsp;v&nbsp;okienkach&nbsp;s\u00fa&nbsp;aktivity, nie sladkosti.&nbsp;S\u00fa tam aktivity ako napr\u00edklad&nbsp;varenie&nbsp;pun\u010du,&nbsp;prech\u00e1dzka v&nbsp;lese, stavanie&nbsp;snehuliaka, vo\u0148an\u00fd pomaran\u010d a&nbsp;mnoho&nbsp;\u010fal\u0161\u00edch.&nbsp;Aj ten adventn\u00fd kalend\u00e1r si deti&nbsp;pripravuj\u00fa&nbsp;sam\u00e9. Tak\u017ee sa ka\u017ed\u00fd&nbsp;de\u0148 te\u0161ia na to, ako si otvoria \u010fal\u0161ie okienko&nbsp;a&nbsp;n\u00e1jdu tam&nbsp;aktivitu, ktor\u00fabud\u00fa v&nbsp;ten&nbsp;de\u0148 robi\u0165.&nbsp;<\/p>\n\n\n\n<p><strong>Veronika:<\/strong>&nbsp;Deti v&nbsp;\u0161k\u00f4lke za\u017eij\u00fa ve\u013ea pekn\u00fdch aktiv\u00edt lebo pr\u00e1ve k&nbsp;viano\u010dn\u00fdm sviatkomsa d\u00e1 vyr\u00e1ba\u0165 ve\u013ea vec\u00ed. A&nbsp;v&nbsp;prostred\u00ed \u0161k\u00f4lky&nbsp;je&nbsp;to \u00faplne bez stresu s&nbsp;dobrou atmosf\u00e9rou. T\u00e9ma Vianoc&nbsp;nesie v seba&nbsp;ve\u013ea n\u00e1padov a&nbsp;aktiv\u00edt, ktor\u00e9 deti m\u00f4\u017eu robi\u0165 a&nbsp;u\u017ei\u0165 si&nbsp;naplno.<\/p>\n\n\n\n<h2 class=\"wp-block-heading has-medium-font-size\"><strong>Ke\u010f hovor\u00edte s&nbsp;de\u0165mi o&nbsp;Vianociach, prezradili v\u00e1m&nbsp;<\/strong><strong>aj to,&nbsp;<\/strong><strong>na \u010do sa po\u010das t\u00fdchto sviatkov te\u0161ia?<\/strong><\/h2>\n\n\n\n<p><strong>Veronika:<\/strong>&nbsp;V&nbsp;\u0161k\u00f4lke rob\u00edme napr\u00edklad kruh v\u010fa\u010dnosti, je to v&nbsp;r\u00e1mci pozit\u00edvnej psychol\u00f3gie. Cel\u00e1 trieda si sadne do kruhu a&nbsp;pani u\u010dite\u013eka uvedie t\u00e9mu Vianoc. Povie vstupn\u00e9 inform\u00e1cie a za\u010dne od seba \u2013 za \u010do by sme mohli by\u0165 v\u010fa\u010dn\u00ed a&nbsp;ka\u017ed\u00e9 die\u0165a vyjadr\u00ed svoj n\u00e1zor. Je to kr\u00e1sna aktivita. V\u00e4\u010d\u0161ina det\u00ed je v\u010fa\u010dn\u00e1 za maminku a&nbsp;tatinka, za s\u00farodencov (aj ke\u010f to tak doma nemus\u00ed vyzera\u0165). Deti s\u00fa v\u010fa\u010dn\u00e9 aj za jedlo, ovocie kv\u00f4li ktor\u00e9mu s\u00fa zdrav\u00e9.&nbsp;Materi\u00e1lne veci a dar\u010deky sa po\u010das kruhu v\u010fa\u010dnosti objavuj\u00fa minim\u00e1lne a ke\u010f sa sp\u00fdtame spr\u00e1vnu ot\u00e1zku tak zist\u00edme, \u017ee aj za ve\u013ea dar\u010dekmi je u det\u00ed prvorad\u00fd \u010das str\u00e1ven\u00fd s rodi\u010dmi.<\/p>\n\n\n\n<h2 class=\"wp-block-heading has-medium-font-size\"><strong>Pred Vianocami deti p\u00ed\u0161u listy&nbsp;<\/strong><strong>Santovi<\/strong><strong>&nbsp;alebo&nbsp;<\/strong><strong>Je\u017ei\u0161kovi. Ako je to u&nbsp;v\u00e1s v&nbsp;\u0161k\u00f4lke?&nbsp;<\/strong><strong>Vieme de\u0165om vysvetli\u0165 tieto rozdiely<\/strong><strong>, komu nap\u00edsa\u0165 list?<\/strong><\/h2>\n\n\n\n<p><strong>Veronika:<\/strong>&nbsp;V&nbsp;littleBIG&nbsp;deti p\u00edsali listy&nbsp;Je\u017ei\u0161kovi a dokonca ich aj posielali po\u0161tou. Je&nbsp;zauj\u00edmav\u00e9, \u017ee&nbsp;deti tam nep\u00edsali iba dlh\u00fd zoznam&nbsp;hra\u010diek, ale \u017eelali si napr\u00edklad dobr\u00fa ve\u010deru s maminkou, aby pri\u0161la babka a prespala u nich, alebo aj mydlo&nbsp;&#8211;&nbsp;aby boli \u010dist\u00fd. My deti u\u010d\u00edme \u010do s\u00fa to Vianoce ale ke\u010f deti naozaj po\u010d\u00favame, tak vedia aj oni nau\u010di\u0165 n\u00e1s, \u017ee dar\u010deky niekedy netreba preh\u00e1\u0148a\u0165 a ove\u013ea d\u00f4le\u017eitej\u0161\u00ed m\u00f4\u017ee by\u0165 spolo\u010dne str\u00e1ven\u00fd \u010das.<\/p>\n\n\n\n<p><strong>Ivana<\/strong><strong>:<\/strong>&nbsp;V tomto robia rodi\u010dia \u010dasto chybu, ke\u010f die\u0165a\u0165u&nbsp;daj\u00fa&nbsp;katal\u00f3g s hra\u010dkami, aby si vybralo, \u010do chce pod strom\u010dek. Takto&nbsp;ve\u013emi&nbsp;r\u00fdchlo blokujeme to duchovn\u00e9&nbsp;a v\u010fa\u010dn\u00e9 u det\u00ed. \u010co sa t\u00fdka rozdielov medzi t\u00fdm kto nos\u00ed dar\u010deky, tak je to tie\u017e \u00faplne v poriadku to komunikova\u0165 pravdivo. De\u0165om m\u00f4\u017eeme vysvetli\u0165 rozdiel medzi Je\u017ei\u0161kom,Santa&nbsp;Clausom, sv.&nbsp;Mikul\u00e1\u0161om, dedom Mr\u00e1zom&nbsp;ako s\u00fa\u010das\u0165 in\u00fdch kult\u00far. Deti si nesk\u00f4r sami m\u00f4\u017eu vybra\u0165 na \u010do chc\u00fa veri\u0165. Deti m\u00f4\u017eu&nbsp;c\u00edti\u0165&nbsp;chaos,&nbsp;ke\u010f vidia r\u00f4zne postavy, ktor\u00e9 maj\u00fa podobn\u00fa alebo rovnak\u00fa funkciu. Niekedy&nbsp;si&nbsp;sta\u010d\u00ed&nbsp;spolo\u010dnepre\u010d\u00edta\u0165 pr\u00edbehy o&nbsp;Santovi, o&nbsp;Je\u017eiskovi, kde vieme&nbsp;zakomponova\u0165&nbsp;hist\u00f3riu a pre deti je to e\u0161te zauj\u00edmavej\u0161ie.<\/p>\n\n\n\n<h2 class=\"wp-block-heading has-medium-font-size\"><strong>Ako<\/strong><strong>&nbsp;v\u00f4bec<\/strong><strong>&nbsp;komunikova\u0165 to, pre\u010do deti dost\u00e1vaj\u00fa dar\u010deky?&nbsp;<\/strong><strong>Je zau\u017e\u00edvan\u00e9 hovori\u0165,&nbsp;<\/strong><strong>\u017ee poslu\u0161n\u00e9 deti dostan\u00fa dar\u010dek, alebo \u010dokol\u00e1du a&nbsp;neposlu\u0161n\u00e9 uhlie, \u010di cesnak.<\/strong><\/h2>\n\n\n\n<p><strong>Veronika:<\/strong>&nbsp;Tvrdenie, \u017ee niekto posl\u00fachal&nbsp;alebo neposl\u00fachal&nbsp;je ve\u013emi subjekt\u00edvne. Pre ka\u017ed\u00e9ho to m\u00f4\u017ee znamena\u0165 nie\u010do in\u00e9, \u010di pre mamku alebo pre u\u010dite\u013eku. Sta\u010d\u00ed&nbsp;die\u0165a\u0165upoveda\u0165 to, \u017ee si dar\u010deky na Vianoce d\u00e1vame ako s\u00fa\u010das\u0165&nbsp;trad\u00edcie, ktor\u00e1 sa \u0165ah\u00e1&nbsp;u\u017e&nbsp;ve\u013ea rokov a&nbsp;ke\u010f\u017ee je to \u010das l\u00e1sky, pokoja, spolo\u010dn\u00e9ho \u010dasu a&nbsp;rodiny tak tomu aj patr\u00ed to, \u017ee sa pote\u0161\u00edm&nbsp;aj nejak\u00fdm materi\u00e1lnym dar\u010dekom. Hodnotenie \u201eposl\u00facha\u0165\/neposl\u00facha\u0165\u201c by nemalo by\u0165 pou\u017e\u00edvan\u00e9.&nbsp;Ak sa nejak\u00fdm sp\u00f4sobom s\u00fadime, to nepatr\u00ed&nbsp;do konceptu l\u00e1sky a&nbsp;spolupatri\u010dnosti.<\/p>\n\n\n\n<p><strong>Ivana<\/strong><strong>:<\/strong>&nbsp;Toto obdobie&nbsp;viano\u010dn\u00fdch sviatkov&nbsp;sk\u00f4r m\u00f4\u017eeme vyu\u017ei\u0165 na zhodnotenie&nbsp;cel\u00e9ho&nbsp;roka. Aj die\u0165a\u0165u m\u00f4\u017eeme poveda\u0165, \u010do za ten rok dok\u00e1zalo, ako sa posunulo. Je dobr\u00e9 ke\u010f die\u0165a\u0165u&nbsp;zvedom\u00edme&nbsp;pokroky, ktor\u00e9 za ten rok urobilo. Aj tri&nbsp;mesiace s\u00fa niekedy&nbsp;ve\u013ek\u00fd skok v jeho v\u00fdvoji.&nbsp;Aj moje deti toto stra\u0161ne radi po\u010d\u00favali. Nenapadnen\u00e1m&nbsp;zastavi\u0165 sa nad t\u00fdm, \u010do sme spolu cel\u00fd rok urobili.<\/p>\n\n\n\n<p><strong>Veronika:<\/strong>&nbsp;My doma rob\u00edme to, \u017ee si spolo\u010dne pozer\u00e1me fotografie a&nbsp;na z\u00e1klade toho vieme pestova\u0165 spomienky a&nbsp;pozorova\u0165 v\u00fdvoj. Niekto zmenil b\u00fdvanie, pr\u00e1cu,&nbsp;alebo si pozer\u00e1 fotografie z v\u00fdletov, na ktor\u00fdch&nbsp;bol. Je to pekn\u00e1 viano\u010dn\u00e1 trad\u00edcia.&nbsp;T\u00fato aktivitu vieme&nbsp;vyu\u017ei\u0165 aj na to, \u017ee sa s\u00fastred\u00edme na z\u00e1\u017eitky a&nbsp;takto zmen\u00edme uva\u017eovanie det\u00ed. Je to v\u00fdborn\u00fd podklad&nbsp;na to, ako si urobi\u0165 pl\u00e1ny na bud\u00faci rok. Lebo&nbsp;die\u0165a povie, \u010do by chcelo robi\u0165 a&nbsp;kam by chcelo \u00eds\u0165.&nbsp;<\/p>\n\n\n\n<p><strong>Ivana<\/strong><strong>:<\/strong>&nbsp;Neznamen\u00e1 to, \u017ee materi\u00e1lne dar\u010deky nie s\u00fa dobr\u00e9. Pr\u00e1ve\u017ee s\u00fa potrebn\u00e9, lebo s\u00fa hmatate\u013en\u00e9, s\u00fa&nbsp;tu a&nbsp;teraz. Je to ukotvenie a legit\u00edmny&nbsp;d\u00f4kaz l\u00e1sky.<\/p>\n\n\n\n<p><strong>Veronika:<\/strong>&nbsp;Ur\u010dite v\u0161ak treba da\u0165 pozor na to, aby materi\u00e1lne dar\u010deky neboli prehnan\u00e9.<\/p>\n\n\n\n<h2 class=\"wp-block-heading has-medium-font-size\"><strong>Maj\u00fa rodi\u010dia zv\u00fd\u0161i\u0165 pozornos\u0165 pri \u010d\u00edtan\u00ed listov Je\u017ei\u0161kovi?<\/strong><\/h2>\n\n\n\n<p><strong>Ivana:<\/strong>&nbsp;My sa&nbsp;s&nbsp;de\u0165mi v&nbsp;\u0161k\u00f4lke rozpr\u00e1vame&nbsp;o&nbsp;listoch.&nbsp;Ke\u010f si listy p\u00ed\u0161u aj doma, tak tento \u010das sa d\u00e1 vyu\u017ei\u0165 na to, aby sa rodi\u010dia porozpr\u00e1vali s&nbsp;de\u0165mi. My nav\u00e1dzame deti na materi\u00e1lne dar\u010deky a&nbsp;tu m\u00f4\u017ee nasta\u0165 chyba. Z listov m\u00f4\u017eeme zisti\u0165, \u010do de\u0165om ch\u00fdba. A&nbsp;zv\u00e4\u010d\u0161a&nbsp;je to&nbsp;pozornos\u0165&nbsp;a&nbsp;\u010das niektor\u00e9ho&nbsp;\u010dlena rodiny.<\/p>\n\n\n\n<p><strong>Veronika:<\/strong>&nbsp;Rodi\u010dia m\u00f4\u017eu&nbsp;z&nbsp;listov ve\u013ea vy\u010d\u00edta\u0165. Najm\u00e4,&nbsp;ke\u010f sa za\u010dn\u00fa p\u00fdta\u0165 ot\u00e1zky.&nbsp;V&nbsp;detsk\u00fdch prianiach je&nbsp;ve\u013ek\u00e1 h\u013abka. M\u00f4\u017eeme sa ich op\u00fdta\u0165&nbsp;napr\u00edklad pre\u010do si \u017eel\u00e1&nbsp;toto, alebo \u010do by si s&nbsp;t\u00fdm chcel robi\u0165. Takto sa rodi\u010dia m\u00f4\u017eu dozvedie\u0165 ove\u013ea viac o&nbsp;tom, \u010do za t\u00fdm materi\u00e1lnym dar\u010dekom v&nbsp;skuto\u010dnosti je. Ve\u013ea det\u00ed do listu nap\u00ed\u0161e materi\u00e1lne veci, lebo s\u00fa k&nbsp;tomu veden\u00e9. Ke\u010f v&nbsp;\u0161k\u00f4lke pracujem na listoch s&nbsp;de\u0165mi, tak sa ich nep\u00fdtam ko\u013eko chce\u0161 dar\u010dekov a&nbsp;ak\u00e9, ale sa op\u00fdtam&nbsp;sk\u00f4r op\u00fdtam, \u010do by si&nbsp;si \u017eelal k&nbsp;Vianociam. Je to u\u017e in\u00e9 a&nbsp;aj deti to tak vn\u00edmaj\u00fa.&nbsp;Rodi\u010d sa m\u00f4\u017ee op\u00fdta\u0165:\u201ePre\u010do by si chcel toto? \u010co by si s&nbsp;t\u00fdm chcel robi\u0165?\u201c&nbsp;a&nbsp;tak sa dozvie&nbsp;ove\u013ea viac.<\/p>\n\n\n\n<p><strong>Ivana:<\/strong>&nbsp;\u010castokr\u00e1t to, \u010do deti chc\u00fa im Je\u017ei\u0161ko nem\u00f4\u017ee prinies\u0165 pod strom\u010dek.<\/p>\n\n\n\n<h2 class=\"wp-block-heading has-medium-font-size\"><strong>Koncept p\u00edsania listu Je\u017ei\u0161kovi kon\u010d\u00ed odoslan\u00edm listu?<\/strong><\/h2>\n\n\n\n<p><strong>Veronika<\/strong><strong>:<\/strong>&nbsp;Pr\u00e1ve\u017ee nie. List netreba r\u00fdchlo odosla\u0165, ale zastavi\u0165 sa nad n\u00edm. Nie je to o&nbsp;tom, aby sme&nbsp;ho&nbsp;r\u00fdchlo nap\u00edsali a&nbsp;odoslali. Zbyto\u010dne zr\u00fdch\u013eujeme \u010das. Rodi\u010d by si mal n\u00e1js\u0165 \u010das spomali\u0165. Je to \u00fa\u017easn\u00fd n\u00e1stroj na to spozna\u0165 svoje die\u0165a&nbsp;a&nbsp;zisti\u0165 po \u010dom t\u00fa\u017ei.<\/p>\n\n\n\n<h2 class=\"wp-block-heading has-medium-font-size\"><strong>V&nbsp;\u0161k\u00f4lke vyu\u017e\u00edvat<\/strong><strong>e<\/strong><strong>&nbsp;met\u00f3dy<\/strong><strong>&nbsp;<\/strong><strong>mindful<\/strong><strong>ness<\/strong><strong>.&nbsp;<\/strong><strong>\u010co to je a a<\/strong><strong>ko sa d\u00e1 vyu\u017ei\u0165 po\u010das viano\u010dn\u00e9ho obdobia?<\/strong><\/h2>\n\n\n\n<p><strong>Veronika:<\/strong>&nbsp;V\u0161\u00edmavos\u0165&nbsp;u&nbsp;det\u00ed tr\u00e9nujeme tak, \u017ee&nbsp;m\u00e1me&nbsp;nejak\u00fa&nbsp;aktivitu, po\u010das ktorej sa sna\u017e\u00edme upriami\u0165 pozornos\u0165 det\u00ed na \u010das\u0165 ich tela. Vedieme ich k&nbsp;tomu, aby v&nbsp;tom momente zabudli na to, \u010do sa okolo nich deje a&nbsp;na&nbsp;chv\u00ed\u013eku, aby \u010das venovali sebe. Najjednoduch\u0161\u00ed sp\u00f4sob je d\u00fdchanie a&nbsp;teda,&nbsp;spomali\u0165 d\u00fdchanie. Ke\u010f spomalia d\u00fdchanie, tak&nbsp;sa m\u00f4\u017eu s\u00fastredi\u0165 na to, ako im st\u00fapa bru\u0161ko hore a&nbsp;dole. Tak\u00e1to ve\u013emi jednoduch\u00e1 aktivita vie uk\u013eudni\u0165 atmosf\u00e9ru v&nbsp;triede,&nbsp;ale aj doma. T\u00fdm, \u017ee s\u00fa na\u0161i \u0161k\u00f4lkari zvyknut\u00ed&nbsp;robi\u0165&nbsp;mindfulness&nbsp;v&nbsp;\u0161k\u00f4lke,&nbsp;ber\u00fa&nbsp;to&nbsp;ako prirodzen\u00fa&nbsp;s\u00fa\u010das\u0165 d\u0148a. V\u00fdsledkom je, \u017ee s\u00fa&nbsp;pripraven\u00ed&nbsp;na \u010fal\u0161iu aktivitu. Rodi\u010dia&nbsp;m\u00f4\u017eu vn\u00edmavos\u0165, alebo teda&nbsp;mindfulness, robi\u0165 aj&nbsp;doma.&nbsp;T\u00fato met\u00f3du m\u00f4\u017eu vyu\u017ei\u0165 napr\u00edklad pred rozba\u013eovan\u00edm dar\u010dekov. Deti s\u00fa stra\u0161ne nate\u0161en\u00e9 a&nbsp;sta\u010d\u00ed sa zastavi\u0165,&nbsp;trikr\u00e1t sazhlboka&nbsp;nad\u00fdchnu\u0165 a&nbsp;a\u017e tak \u00eds\u0165&nbsp;do rozba\u013eovania.&nbsp;Oto\u010dia vn\u00edmanie sk\u00f4r&nbsp;na seba \u2013 ja som tu a&nbsp;idem sa pozrie\u0165 na ten dar\u010dek. U\u017e len to, \u017ee toto je spolo\u010dn\u00e1 aktivita, vie spravi\u0165 ve\u013ea pri uvo\u013e\u0148ovan\u00ed&nbsp;nap\u00e4tej atmosf\u00e9ry.<\/p>\n\n\n\n<p><strong>Ivana:<\/strong>&nbsp;Na to, aby sme pozornos\u0165 upriamili k&nbsp;jedn\u00e9mu bodu m\u00f4\u017eeme vyu\u017ei\u0165 nielen&nbsp;vn\u00fatorn\u00fd, ale aj vonkaj\u0161\u00ed svet. Niekedy,&nbsp;ke\u010f deti nemaj\u00fa n\u00e1ladu sedie\u0165, tak&nbsp;mindfulness&nbsp;sa m\u00f4\u017ee praktizova\u0165 aj pri spolo\u010dnom sk\u00e1kan\u00ed.&nbsp;Deti sa hraj\u00fa&nbsp;na to,&nbsp;\u017ee s\u00fa&nbsp;klokani, alebo zaja\u010dikovia a&nbsp;potom si spolo\u010dne sadn\u00fa, daj\u00fa si ru\u010di\u010dky na srdce a&nbsp;po\u010d\u00favaj\u00fa ako sa&nbsp;b\u00fa\u0161enie&nbsp;spoma\u013euje. Pre&nbsp;v\u00e4\u010d\u0161inu&nbsp;det\u00ed je \u0161ok po\u010du\u0165 a&nbsp;vn\u00edma\u0165 svoje srdce. Je&nbsp;v\u0161ak&nbsp;kr\u00e1sne vidie\u0165,&nbsp;ako sa&nbsp;pri tom uk\u013eudnia. Vtedy&nbsp;je pr\u00e1ve priestor a&nbsp;\u010das&nbsp;polo\u017ei\u0165&nbsp;im&nbsp;kr\u00e1snu ot\u00e1zku. S\u00fa upriamen\u00e9&nbsp;na seba. Z&nbsp;chaosu sa stane&nbsp;k\u013eud.&nbsp;M\u00f4\u017eeme sa ich op\u00fdta\u0165 na to,&nbsp;za \u010do&nbsp;s\u00fa&nbsp;v\u010fa\u010dn\u00e9, alebo \u010do sa&nbsp;im&nbsp;na Vianociach p\u00e1\u010di, \u010do&nbsp;sa&nbsp;imp\u00e1\u010dilo na dne\u0161nom dni a&nbsp;na \u010do sa te\u0161ia.&nbsp;<\/p>","protected":false},"excerpt":{"rendered":"<p>Spolo\u010dn\u00fd n\u00e1dych&nbsp;celej rodiny je&nbsp;viac ako potrebn\u00fd na pr\u00edpravu rodinnej atmosf\u00e9ry pred najv\u00e4\u010d\u0161\u00edmi sviatkami v&nbsp;roku. Nap\u00e4tie a&nbsp;stres&nbsp;z&nbsp;Vianoc&nbsp;c\u00edtia aj deti a&nbsp;na to,&nbsp;ako vieme pripravi\u0165 rodinn\u00fa atmosf\u00e9ru sme sa rozpr\u00e1vali s&nbsp;detskou psychologi\u010dkou zo \u0161k\u00f4lky&nbsp;littleBIG&nbsp;Veronikou&nbsp;Or\u0161anskou&nbsp;a&nbsp;zria\u010fovate\u013ekou \u0161k\u00f4lky&nbsp;littleBIG&nbsp;Ivanou&nbsp;Kaliskou&nbsp;Klapkovou. Ako m\u00f4\u017ee vpl\u00fdva\u0165 na deti predviano\u010dn\u00e9 obdobie? Veronika:&nbsp;Obdobie [&hellip;]<\/p>","protected":false},"author":1,"featured_media":8291,"comment_status":"closed","ping_status":"open","sticky":false,"template":"","format":"standard","meta":{"site-sidebar-layout":"default","site-content-layout":"","ast-site-content-layout":"default","site-content-style":"default","site-sidebar-style":"default","ast-global-header-display":"","ast-banner-title-visibility":"","ast-main-header-display":"","ast-hfb-above-header-display":"","ast-hfb-below-header-display":"","ast-hfb-mobile-header-display":"","site-post-title":"","ast-breadcrumbs-content":"","ast-featured-img":"","footer-sml-layout":"","theme-transparent-header-meta":"","adv-header-id-meta":"","stick-header-meta":"","header-above-stick-meta":"","header-main-stick-meta":"","header-below-stick-meta":"","astra-migrate-meta-layouts":"set","ast-page-background-enabled":"default","ast-page-background-meta":{"desktop":{"background-color":"var(--ast-global-color-4)","background-image":"","background-repeat":"repeat","background-position":"center center","background-size":"auto","background-attachment":"scroll","background-type":"","background-media":"","overlay-type":"","overlay-color":"","overlay-opacity":"","overlay-gradient":""},"tablet":{"background-color":"","background-image":"","background-repeat":"repeat","background-position":"center center","background-size":"auto","background-attachment":"scroll","background-type":"","background-media":"","overlay-type":"","overlay-color":"","overlay-opacity":"","overlay-gradient":""},"mobile":{"background-color":"","background-image":"","background-repeat":"repeat","background-position":"center center","background-size":"auto","background-attachment":"scroll","background-type":"","background-media":"","overlay-type":"","overlay-color":"","overlay-opacity":"","overlay-gradient":""}},"ast-content-background-meta":{"desktop":{"background-color":"var(--ast-global-color-5)","background-image":"","background-repeat":"repeat","background-position":"center center","background-size":"auto","background-attachment":"scroll","background-type":"","background-media":"","overlay-type":"","overlay-color":"","overlay-opacity":"","overlay-gradient":""},"tablet":{"background-color":"var(--ast-global-color-5)","background-image":"","background-repeat":"repeat","background-position":"center center","background-size":"auto","background-attachment":"scroll","background-type":"","background-media":"","overlay-type":"","overlay-color":"","overlay-opacity":"","overlay-gradient":""},"mobile":{"background-color":"var(--ast-global-color-5)","background-image":"","background-repeat":"repeat","background-position":"center center","background-size":"auto","background-attachment":"scroll","background-type":"","background-media":"","overlay-type":"","overlay-color":"","overlay-opacity":"","overlay-gradient":""}},"footnotes":""},"categories":[1],"tags":[],"class_list":["post-8290","post","type-post","status-publish","format-standard","has-post-thumbnail","hentry","category-blog"],"yoast_head":"<!-- This site is optimized with the Yoast SEO plugin v23.7 - https:\/\/yoast.com\/wordpress\/plugins\/seo\/ -->\n<title>Ako zapoji\u0165 deti do pr\u00edpravy Vianoc a\u00a0nezbl\u00e1zni\u0165 sa pri tom &#8212; Blogov\u00e9 \u010dl\u00e1nky &#8212; littleBIG<\/title>\n<meta name=\"description\" content=\"Ako zapoji\u0165 deti do pr\u00edpravy Vianoc a\u00a0nezbl\u00e1zni\u0165 sa pri tom &#8212; Blogov\u00e9 \u010dl\u00e1nky &#8212; littleBIG\" \/>\n<meta name=\"robots\" content=\"index, follow, max-snippet:-1, max-image-preview:large, max-video-preview:-1\" \/>\n<link rel=\"canonical\" href=\"https:\/\/littlebig.sk\/en\/ako-zapojit-deti-do-pripravy-vianoc-a-nezblaznit-sa-pri-tom\/\" \/>\n<meta property=\"og:locale\" content=\"en_GB\" \/>\n<meta property=\"og:type\" content=\"article\" \/>\n<meta property=\"og:title\" content=\"Ako zapoji\u0165 deti do pr\u00edpravy Vianoc a\u00a0nezbl\u00e1zni\u0165 sa pri tom &#8212; Blogov\u00e9 \u010dl\u00e1nky &#8212; littleBIG\" \/>\n<meta property=\"og:description\" content=\"Ako zapoji\u0165 deti do pr\u00edpravy Vianoc a\u00a0nezbl\u00e1zni\u0165 sa pri tom &#8212; Blogov\u00e9 \u010dl\u00e1nky &#8212; littleBIG\" \/>\n<meta property=\"og:url\" content=\"https:\/\/littlebig.sk\/en\/ako-zapojit-deti-do-pripravy-vianoc-a-nezblaznit-sa-pri-tom\/\" \/>\n<meta property=\"og:site_name\" content=\"littleBIG\" \/>\n<meta property=\"article:publisher\" content=\"https:\/\/www.facebook.com\/littlebigba\" \/>\n<meta property=\"article:published_time\" content=\"2023-12-22T15:13:19+00:00\" \/>\n<meta property=\"article:modified_time\" content=\"2024-04-06T14:35:08+00:00\" \/>\n<meta property=\"og:image\" content=\"https:\/\/littlebig.sk\/wp-content\/uploads\/2023\/12\/Unknown.jpeg\" \/>\n\t<meta property=\"og:image:width\" content=\"1000\" \/>\n\t<meta property=\"og:image:height\" content=\"667\" \/>\n\t<meta property=\"og:image:type\" content=\"image\/jpeg\" \/>\n<meta name=\"author\" content=\"PhDr. Ivana Kalisk\u00e1 Klapkov\u00e1\" \/>\n<meta name=\"twitter:card\" content=\"summary_large_image\" \/>\n<meta name=\"twitter:label1\" content=\"Written by\" \/>\n\t<meta name=\"twitter:data1\" content=\"PhDr. Ivana Kalisk\u00e1 Klapkov\u00e1\" \/>\n\t<meta name=\"twitter:label2\" content=\"Estimated reading time\" \/>\n\t<meta name=\"twitter:data2\" content=\"13 minutes\" \/>\n<script type=\"application\/ld+json\" class=\"yoast-schema-graph\">{\"@context\":\"https:\/\/schema.org\",\"@graph\":[{\"@type\":\"Article\",\"@id\":\"https:\/\/littlebig.sk\/ako-zapojit-deti-do-pripravy-vianoc-a-nezblaznit-sa-pri-tom\/#article\",\"isPartOf\":{\"@id\":\"https:\/\/littlebig.sk\/ako-zapojit-deti-do-pripravy-vianoc-a-nezblaznit-sa-pri-tom\/\"},\"author\":{\"name\":\"PhDr. Ivana Kalisk\u00e1 Klapkov\u00e1\",\"@id\":\"https:\/\/littlebig.sk\/#\/schema\/person\/73aaec86f012f16562382bcb65f0841f\"},\"headline\":\"Ako zapoji\u0165 deti do pr\u00edpravy Vianoc a\u00a0nezbl\u00e1zni\u0165 sa pri tom\",\"datePublished\":\"2023-12-22T15:13:19+00:00\",\"dateModified\":\"2024-04-06T14:35:08+00:00\",\"mainEntityOfPage\":{\"@id\":\"https:\/\/littlebig.sk\/ako-zapojit-deti-do-pripravy-vianoc-a-nezblaznit-sa-pri-tom\/\"},\"wordCount\":2674,\"publisher\":{\"@id\":\"https:\/\/littlebig.sk\/#organization\"},\"image\":{\"@id\":\"https:\/\/littlebig.sk\/ako-zapojit-deti-do-pripravy-vianoc-a-nezblaznit-sa-pri-tom\/#primaryimage\"},\"thumbnailUrl\":\"https:\/\/littlebig.sk\/wp-content\/uploads\/2023\/12\/Unknown.jpeg\",\"articleSection\":[\"Blogov\u00e9 \u010dl\u00e1nky\"],\"inLanguage\":\"en-GB\"},{\"@type\":\"WebPage\",\"@id\":\"https:\/\/littlebig.sk\/ako-zapojit-deti-do-pripravy-vianoc-a-nezblaznit-sa-pri-tom\/\",\"url\":\"https:\/\/littlebig.sk\/ako-zapojit-deti-do-pripravy-vianoc-a-nezblaznit-sa-pri-tom\/\",\"name\":\"Ako zapoji\u0165 deti do pr\u00edpravy Vianoc a\u00a0nezbl\u00e1zni\u0165 sa pri tom &#8212; Blogov\u00e9 \u010dl\u00e1nky &#8212; littleBIG\",\"isPartOf\":{\"@id\":\"https:\/\/littlebig.sk\/#website\"},\"primaryImageOfPage\":{\"@id\":\"https:\/\/littlebig.sk\/ako-zapojit-deti-do-pripravy-vianoc-a-nezblaznit-sa-pri-tom\/#primaryimage\"},\"image\":{\"@id\":\"https:\/\/littlebig.sk\/ako-zapojit-deti-do-pripravy-vianoc-a-nezblaznit-sa-pri-tom\/#primaryimage\"},\"thumbnailUrl\":\"https:\/\/littlebig.sk\/wp-content\/uploads\/2023\/12\/Unknown.jpeg\",\"datePublished\":\"2023-12-22T15:13:19+00:00\",\"dateModified\":\"2024-04-06T14:35:08+00:00\",\"description\":\"Ako zapoji\u0165 deti do pr\u00edpravy Vianoc a\u00a0nezbl\u00e1zni\u0165 sa pri tom &#8212; Blogov\u00e9 \u010dl\u00e1nky &#8212; littleBIG\",\"breadcrumb\":{\"@id\":\"https:\/\/littlebig.sk\/ako-zapojit-deti-do-pripravy-vianoc-a-nezblaznit-sa-pri-tom\/#breadcrumb\"},\"inLanguage\":\"en-GB\",\"potentialAction\":[{\"@type\":\"ReadAction\",\"target\":[\"https:\/\/littlebig.sk\/ako-zapojit-deti-do-pripravy-vianoc-a-nezblaznit-sa-pri-tom\/\"]}]},{\"@type\":\"ImageObject\",\"inLanguage\":\"en-GB\",\"@id\":\"https:\/\/littlebig.sk\/ako-zapojit-deti-do-pripravy-vianoc-a-nezblaznit-sa-pri-tom\/#primaryimage\",\"url\":\"https:\/\/littlebig.sk\/wp-content\/uploads\/2023\/12\/Unknown.jpeg\",\"contentUrl\":\"https:\/\/littlebig.sk\/wp-content\/uploads\/2023\/12\/Unknown.jpeg\",\"width\":1000,\"height\":667},{\"@type\":\"BreadcrumbList\",\"@id\":\"https:\/\/littlebig.sk\/ako-zapojit-deti-do-pripravy-vianoc-a-nezblaznit-sa-pri-tom\/#breadcrumb\",\"itemListElement\":[{\"@type\":\"ListItem\",\"position\":1,\"name\":\"Domovsk\u00e1 str\u00e1nka\",\"item\":\"https:\/\/littlebig.sk\/\"},{\"@type\":\"ListItem\",\"position\":2,\"name\":\"Ako zapoji\u0165 deti do pr\u00edpravy Vianoc a\u00a0nezbl\u00e1zni\u0165 sa pri tom\"}]},{\"@type\":\"WebSite\",\"@id\":\"https:\/\/littlebig.sk\/#website\",\"url\":\"https:\/\/littlebig.sk\/\",\"name\":\"littleBIG\",\"description\":\"Denne tvor\u00edme kr\u00e1sne detstvo\",\"publisher\":{\"@id\":\"https:\/\/littlebig.sk\/#organization\"},\"potentialAction\":[{\"@type\":\"SearchAction\",\"target\":{\"@type\":\"EntryPoint\",\"urlTemplate\":\"https:\/\/littlebig.sk\/?s={search_term_string}\"},\"query-input\":{\"@type\":\"PropertyValueSpecification\",\"valueRequired\":true,\"valueName\":\"search_term_string\"}}],\"inLanguage\":\"en-GB\"},{\"@type\":\"Organization\",\"@id\":\"https:\/\/littlebig.sk\/#organization\",\"name\":\"LittleBig\",\"url\":\"https:\/\/littlebig.sk\/\",\"logo\":{\"@type\":\"ImageObject\",\"inLanguage\":\"en-GB\",\"@id\":\"https:\/\/littlebig.sk\/#\/schema\/logo\/image\/\",\"url\":\"https:\/\/littlebig.sk\/wp-content\/uploads\/2022\/06\/littlebig_logo.svg\",\"contentUrl\":\"https:\/\/littlebig.sk\/wp-content\/uploads\/2022\/06\/littlebig_logo.svg\",\"width\":403,\"height\":123,\"caption\":\"LittleBig\"},\"image\":{\"@id\":\"https:\/\/littlebig.sk\/#\/schema\/logo\/image\/\"},\"sameAs\":[\"https:\/\/www.facebook.com\/littlebigba\",\"https:\/\/www.instagram.com\/skolka_littlebig\/\"]},{\"@type\":\"Person\",\"@id\":\"https:\/\/littlebig.sk\/#\/schema\/person\/73aaec86f012f16562382bcb65f0841f\",\"name\":\"PhDr. Ivana Kalisk\u00e1 Klapkov\u00e1\",\"image\":{\"@type\":\"ImageObject\",\"inLanguage\":\"en-GB\",\"@id\":\"https:\/\/littlebig.sk\/#\/schema\/person\/image\/\",\"url\":\"https:\/\/secure.gravatar.com\/avatar\/c5e3ccad238b550de7ca79cbaaabbdab42caa75676a995d92a667fe5f78d0e6f?s=96&d=mm&r=g\",\"contentUrl\":\"https:\/\/secure.gravatar.com\/avatar\/c5e3ccad238b550de7ca79cbaaabbdab42caa75676a995d92a667fe5f78d0e6f?s=96&d=mm&r=g\",\"caption\":\"PhDr. Ivana Kalisk\u00e1 Klapkov\u00e1\"},\"sameAs\":[\"https:\/\/littlebig.sk\"],\"url\":\"https:\/\/littlebig.sk\/en\/author\/admin\/\"}]}<\/script>\n<!-- \/ Yoast SEO plugin. -->","yoast_head_json":{"title":"Ako zapoji\u0165 deti do pr\u00edpravy Vianoc a\u00a0nezbl\u00e1zni\u0165 sa pri tom &#8212; Blogov\u00e9 \u010dl\u00e1nky &#8212; littleBIG","description":"Ako zapoji\u0165 deti do pr\u00edpravy Vianoc a\u00a0nezbl\u00e1zni\u0165 sa pri tom &#8212; Blogov\u00e9 \u010dl\u00e1nky &#8212; littleBIG","robots":{"index":"index","follow":"follow","max-snippet":"max-snippet:-1","max-image-preview":"max-image-preview:large","max-video-preview":"max-video-preview:-1"},"canonical":"https:\/\/littlebig.sk\/en\/ako-zapojit-deti-do-pripravy-vianoc-a-nezblaznit-sa-pri-tom\/","og_locale":"en_GB","og_type":"article","og_title":"Ako zapoji\u0165 deti do pr\u00edpravy Vianoc a\u00a0nezbl\u00e1zni\u0165 sa pri tom &#8212; Blogov\u00e9 \u010dl\u00e1nky &#8212; littleBIG","og_description":"Ako zapoji\u0165 deti do pr\u00edpravy Vianoc a\u00a0nezbl\u00e1zni\u0165 sa pri tom &#8212; Blogov\u00e9 \u010dl\u00e1nky &#8212; littleBIG","og_url":"https:\/\/littlebig.sk\/en\/ako-zapojit-deti-do-pripravy-vianoc-a-nezblaznit-sa-pri-tom\/","og_site_name":"littleBIG","article_publisher":"https:\/\/www.facebook.com\/littlebigba","article_published_time":"2023-12-22T15:13:19+00:00","article_modified_time":"2024-04-06T14:35:08+00:00","og_image":[{"width":1000,"height":667,"url":"https:\/\/littlebig.sk\/wp-content\/uploads\/2023\/12\/Unknown.jpeg","type":"image\/jpeg"}],"author":"PhDr. Ivana Kalisk\u00e1 Klapkov\u00e1","twitter_card":"summary_large_image","twitter_misc":{"Written by":"PhDr. Ivana Kalisk\u00e1 Klapkov\u00e1","Estimated reading time":"13 minutes"},"schema":{"@context":"https:\/\/schema.org","@graph":[{"@type":"Article","@id":"https:\/\/littlebig.sk\/ako-zapojit-deti-do-pripravy-vianoc-a-nezblaznit-sa-pri-tom\/#article","isPartOf":{"@id":"https:\/\/littlebig.sk\/ako-zapojit-deti-do-pripravy-vianoc-a-nezblaznit-sa-pri-tom\/"},"author":{"name":"PhDr. Ivana Kalisk\u00e1 Klapkov\u00e1","@id":"https:\/\/littlebig.sk\/#\/schema\/person\/73aaec86f012f16562382bcb65f0841f"},"headline":"Ako zapoji\u0165 deti do pr\u00edpravy Vianoc a\u00a0nezbl\u00e1zni\u0165 sa pri tom","datePublished":"2023-12-22T15:13:19+00:00","dateModified":"2024-04-06T14:35:08+00:00","mainEntityOfPage":{"@id":"https:\/\/littlebig.sk\/ako-zapojit-deti-do-pripravy-vianoc-a-nezblaznit-sa-pri-tom\/"},"wordCount":2674,"publisher":{"@id":"https:\/\/littlebig.sk\/#organization"},"image":{"@id":"https:\/\/littlebig.sk\/ako-zapojit-deti-do-pripravy-vianoc-a-nezblaznit-sa-pri-tom\/#primaryimage"},"thumbnailUrl":"https:\/\/littlebig.sk\/wp-content\/uploads\/2023\/12\/Unknown.jpeg","articleSection":["Blogov\u00e9 \u010dl\u00e1nky"],"inLanguage":"en-GB"},{"@type":"WebPage","@id":"https:\/\/littlebig.sk\/ako-zapojit-deti-do-pripravy-vianoc-a-nezblaznit-sa-pri-tom\/","url":"https:\/\/littlebig.sk\/ako-zapojit-deti-do-pripravy-vianoc-a-nezblaznit-sa-pri-tom\/","name":"Ako zapoji\u0165 deti do pr\u00edpravy Vianoc a\u00a0nezbl\u00e1zni\u0165 sa pri tom &#8212; Blogov\u00e9 \u010dl\u00e1nky &#8212; littleBIG","isPartOf":{"@id":"https:\/\/littlebig.sk\/#website"},"primaryImageOfPage":{"@id":"https:\/\/littlebig.sk\/ako-zapojit-deti-do-pripravy-vianoc-a-nezblaznit-sa-pri-tom\/#primaryimage"},"image":{"@id":"https:\/\/littlebig.sk\/ako-zapojit-deti-do-pripravy-vianoc-a-nezblaznit-sa-pri-tom\/#primaryimage"},"thumbnailUrl":"https:\/\/littlebig.sk\/wp-content\/uploads\/2023\/12\/Unknown.jpeg","datePublished":"2023-12-22T15:13:19+00:00","dateModified":"2024-04-06T14:35:08+00:00","description":"Ako zapoji\u0165 deti do pr\u00edpravy Vianoc a\u00a0nezbl\u00e1zni\u0165 sa pri tom &#8212; Blogov\u00e9 \u010dl\u00e1nky &#8212; littleBIG","breadcrumb":{"@id":"https:\/\/littlebig.sk\/ako-zapojit-deti-do-pripravy-vianoc-a-nezblaznit-sa-pri-tom\/#breadcrumb"},"inLanguage":"en-GB","potentialAction":[{"@type":"ReadAction","target":["https:\/\/littlebig.sk\/ako-zapojit-deti-do-pripravy-vianoc-a-nezblaznit-sa-pri-tom\/"]}]},{"@type":"ImageObject","inLanguage":"en-GB","@id":"https:\/\/littlebig.sk\/ako-zapojit-deti-do-pripravy-vianoc-a-nezblaznit-sa-pri-tom\/#primaryimage","url":"https:\/\/littlebig.sk\/wp-content\/uploads\/2023\/12\/Unknown.jpeg","contentUrl":"https:\/\/littlebig.sk\/wp-content\/uploads\/2023\/12\/Unknown.jpeg","width":1000,"height":667},{"@type":"BreadcrumbList","@id":"https:\/\/littlebig.sk\/ako-zapojit-deti-do-pripravy-vianoc-a-nezblaznit-sa-pri-tom\/#breadcrumb","itemListElement":[{"@type":"ListItem","position":1,"name":"Domovsk\u00e1 str\u00e1nka","item":"https:\/\/littlebig.sk\/"},{"@type":"ListItem","position":2,"name":"Ako zapoji\u0165 deti do pr\u00edpravy Vianoc a\u00a0nezbl\u00e1zni\u0165 sa pri tom"}]},{"@type":"WebSite","@id":"https:\/\/littlebig.sk\/#website","url":"https:\/\/littlebig.sk\/","name":"littleBIG","description":"Denne tvor\u00edme kr\u00e1sne detstvo","publisher":{"@id":"https:\/\/littlebig.sk\/#organization"},"potentialAction":[{"@type":"SearchAction","target":{"@type":"EntryPoint","urlTemplate":"https:\/\/littlebig.sk\/?s={search_term_string}"},"query-input":{"@type":"PropertyValueSpecification","valueRequired":true,"valueName":"search_term_string"}}],"inLanguage":"en-GB"},{"@type":"Organization","@id":"https:\/\/littlebig.sk\/#organization","name":"LittleBig","url":"https:\/\/littlebig.sk\/","logo":{"@type":"ImageObject","inLanguage":"en-GB","@id":"https:\/\/littlebig.sk\/#\/schema\/logo\/image\/","url":"https:\/\/littlebig.sk\/wp-content\/uploads\/2022\/06\/littlebig_logo.svg","contentUrl":"https:\/\/littlebig.sk\/wp-content\/uploads\/2022\/06\/littlebig_logo.svg","width":403,"height":123,"caption":"LittleBig"},"image":{"@id":"https:\/\/littlebig.sk\/#\/schema\/logo\/image\/"},"sameAs":["https:\/\/www.facebook.com\/littlebigba","https:\/\/www.instagram.com\/skolka_littlebig\/"]},{"@type":"Person","@id":"https:\/\/littlebig.sk\/#\/schema\/person\/73aaec86f012f16562382bcb65f0841f","name":"PhDr. Ivana Kalisk\u00e1 Klapkov\u00e1","image":{"@type":"ImageObject","inLanguage":"en-GB","@id":"https:\/\/littlebig.sk\/#\/schema\/person\/image\/","url":"https:\/\/secure.gravatar.com\/avatar\/c5e3ccad238b550de7ca79cbaaabbdab42caa75676a995d92a667fe5f78d0e6f?s=96&d=mm&r=g","contentUrl":"https:\/\/secure.gravatar.com\/avatar\/c5e3ccad238b550de7ca79cbaaabbdab42caa75676a995d92a667fe5f78d0e6f?s=96&d=mm&r=g","caption":"PhDr. Ivana Kalisk\u00e1 Klapkov\u00e1"},"sameAs":["https:\/\/littlebig.sk"],"url":"https:\/\/littlebig.sk\/en\/author\/admin\/"}]}},"_links":{"self":[{"href":"https:\/\/littlebig.sk\/en\/wp-json\/wp\/v2\/posts\/8290","targetHints":{"allow":["GET"]}}],"collection":[{"href":"https:\/\/littlebig.sk\/en\/wp-json\/wp\/v2\/posts"}],"about":[{"href":"https:\/\/littlebig.sk\/en\/wp-json\/wp\/v2\/types\/post"}],"author":[{"embeddable":true,"href":"https:\/\/littlebig.sk\/en\/wp-json\/wp\/v2\/users\/1"}],"replies":[{"embeddable":true,"href":"https:\/\/littlebig.sk\/en\/wp-json\/wp\/v2\/comments?post=8290"}],"version-history":[{"count":4,"href":"https:\/\/littlebig.sk\/en\/wp-json\/wp\/v2\/posts\/8290\/revisions"}],"predecessor-version":[{"id":8497,"href":"https:\/\/littlebig.sk\/en\/wp-json\/wp\/v2\/posts\/8290\/revisions\/8497"}],"wp:featuredmedia":[{"embeddable":true,"href":"https:\/\/littlebig.sk\/en\/wp-json\/wp\/v2\/media\/8291"}],"wp:attachment":[{"href":"https:\/\/littlebig.sk\/en\/wp-json\/wp\/v2\/media?parent=8290"}],"wp:term":[{"taxonomy":"category","embeddable":true,"href":"https:\/\/littlebig.sk\/en\/wp-json\/wp\/v2\/categories?post=8290"},{"taxonomy":"post_tag","embeddable":true,"href":"https:\/\/littlebig.sk\/en\/wp-json\/wp\/v2\/tags?post=8290"}],"curies":[{"name":"wp","href":"https:\/\/api.w.org\/{rel}","templated":true}]}}