{"id":8621,"date":"2024-09-01T22:12:30","date_gmt":"2024-09-01T20:12:30","guid":{"rendered":"https:\/\/littlebig.sk\/?p=8621"},"modified":"2024-09-03T10:50:52","modified_gmt":"2024-09-03T08:50:52","slug":"adaptacia-dietata-pri-nastupe-do-materskej-skoly","status":"publish","type":"post","link":"https:\/\/littlebig.sk\/en\/adaptacia-dietata-pri-nastupe-do-materskej-skoly\/","title":{"rendered":"Adapt\u00e1cia die\u0165a\u0165a v materskej \u0161kole"},"content":{"rendered":"<p>Adapt\u00e1cia die\u0165a\u0165a v materskej \u0161kole je jedn\u00fdm z najd\u00f4le\u017eitej\u0161\u00edch m\u00ed\u013enikov v \u017eivote celej rodiny. Toto obdobie prin\u00e1\u0161a so sebou nielen radosti, ale aj v\u00fdzvy, ktor\u00e9 si vy\u017eaduj\u00fa citliv\u00fd pr\u00edstup od rodi\u010dov aj od pedagogick\u00fdch pracovn\u00edkov. Ide o proces, ktor\u00fd zah\u0155\u0148a zvl\u00e1danie ob\u00e1v, budovanie vz\u00e1jomnej d\u00f4very a podporu v rozvoji soci\u00e1lnych a emocion\u00e1lnych zru\u010dnost\u00ed die\u0165a\u0165a. Vytvorenie bezpe\u010dn\u00e9ho a podnetn\u00e9ho prostredia, kde sa die\u0165a m\u00f4\u017ee prejavi\u0165 bez pr\u00edtomnosti rodi\u010da, je k\u013e\u00fa\u010dov\u00e9 pre jeho \u00faspe\u0161n\u00fa adapt\u00e1ciu.<\/p>\n\n\n\n<h2 class=\"wp-block-heading\">V\u00fdznam adapt\u00e1cie die\u0165a\u0165a v materskej \u0161kole<\/h2>\n\n\n\n<p>Adapt\u00e1cia v materskej \u0161kole predstavuje prv\u00fa ve\u013ek\u00fa sk\u00fa\u0161ku samostatnosti die\u0165a\u0165a. Je to moment, ke\u010f sa die\u0165a u\u010d\u00ed fungova\u0165 v kolekt\u00edve bez priamej podpory rodi\u010dov. V \u0161k\u00f4lke sa deti u\u010dia nielen z\u00e1kladn\u00fdm pravidl\u00e1m fungovania v spolo\u010dnosti, ale aj tomu, ako nadv\u00e4zova\u0165 vz\u0165ahy s rovesn\u00edkmi a dospel\u00fdmi. Tieto zru\u010dnosti s\u00fa k\u013e\u00fa\u010dov\u00e9 pre ich bud\u00faci \u017eivot.  Adapt\u00e1cia u n\u00e1s prebieha citlivo a s oh\u013eadom na individu\u00e1lne potreby die\u0165a\u0165a.<\/p>\n\n\n\n<figure class=\"wp-block-image size-large\"><img fetchpriority=\"high\" decoding=\"async\" width=\"1024\" height=\"576\" src=\"https:\/\/littlebig.sk\/wp-content\/uploads\/2024\/09\/fotka-1_-1024x576.png\" alt=\"Deti sa hraj\u00fa s dreven\u00fdmi stavebnicami v \u0161k\u00f4lke po\u010das adapt\u00e1cie die\u0165a\u0165a v materskej \u0161kole\" class=\"wp-image-8625\" srcset=\"https:\/\/littlebig.sk\/wp-content\/uploads\/2024\/09\/fotka-1_-1024x576.png 1024w, https:\/\/littlebig.sk\/wp-content\/uploads\/2024\/09\/fotka-1_-300x169.png 300w, https:\/\/littlebig.sk\/wp-content\/uploads\/2024\/09\/fotka-1_-768x432.png 768w, https:\/\/littlebig.sk\/wp-content\/uploads\/2024\/09\/fotka-1_-1536x864.png 1536w, https:\/\/littlebig.sk\/wp-content\/uploads\/2024\/09\/fotka-1_-18x10.png 18w, https:\/\/littlebig.sk\/wp-content\/uploads\/2024\/09\/fotka-1_.png 1920w\" sizes=\"(max-width: 1024px) 100vw, 1024px\" \/><\/figure>\n\n\n\n<p class=\"has-text-align-center has-small-font-size\"><a href=\"https:\/\/www.freepik.com\/free-photo\/front-view-children-playing-together-kindergarten_9571083.htm#fromView=search&amp;page=1&amp;position=8&amp;uuid=79157b36-624d-4df6-93f9-6ebbdea7bc52\">Zdroj ilustra\u010dnej fotografie<\/a><\/p>\n\n\n\n<h2 class=\"wp-block-heading\">Trojuholn\u00edk d\u00f4very a \u00faspe\u0161n\u00e1 adapt\u00e1cia die\u0165a\u0165a v materskej \u0161kole<\/h2>\n\n\n\n<p>\u00daspe\u0161n\u00e1 adapt\u00e1cia z\u00e1vis\u00ed od nieko\u013ek\u00fdch k\u013e\u00fa\u010dov\u00fdch faktorov. Predov\u0161etk\u00fdm je to vytvorenie tzv. &#8222;trojuholn\u00edka d\u00f4very&#8220; medzi die\u0165a\u0165om, rodi\u010dom a \u0161k\u00f4lkou. Rodi\u010dia musia veri\u0165, \u017ee die\u0165a zvl\u00e1dne nov\u00e9 prostredie, a z\u00e1rove\u0148 musia d\u00f4verova\u0165 \u0161k\u00f4lke, \u017ee sa o ich die\u0165a postar\u00e1 \u010do najlep\u0161ie. Tento vz\u00e1jomn\u00fd vz\u0165ah je z\u00e1kladom pre to, aby sa die\u0165a c\u00edtilo bezpe\u010dne a mohlo sa plne s\u00fastredi\u0165 na nov\u00e9 z\u00e1\u017eitky.<\/p>\n\n\n\n<h2 class=\"wp-block-heading\">Pr\u00edprava pred n\u00e1stupom do \u0161k\u00f4lky<\/h2>\n\n\n\n<p>Rodi\u010dia m\u00f4\u017eu adapt\u00e1ciu svojho die\u0165a\u0165a v\u00fdrazne u\u013eah\u010di\u0165 spr\u00e1vnou pr\u00edpravou. Rozpr\u00e1vajte sa o \u0161k\u00f4lke s die\u0165a\u0165om v pozit\u00edvnom svetle a s nad\u0161en\u00edm. T\u00fdmto sp\u00f4sobom die\u0165a nadob\u00fada pocit, \u017ee ide o nie\u010do zauj\u00edmav\u00e9 a pozit\u00edvne. Pred samotn\u00fdm n\u00e1stupom do \u0161k\u00f4lky organizujeme adapta\u010dn\u00e9 stretnutia, priamo v triede, kam die\u0165a nast\u00fapi. Kr\u00e1tke n\u00e1v\u0161tevy \u0161k\u00f4lky, ktor\u00e9 sa postupne predl\u017euj\u00fa, pom\u00e1haj\u00fa die\u0165a\u0165u zvykn\u00fa\u0165 si na nov\u00e9 prostredie bez stresu.<\/p>\n\n\n\n<figure class=\"wp-block-image size-large\"><img decoding=\"async\" width=\"1024\" height=\"576\" src=\"https:\/\/littlebig.sk\/wp-content\/uploads\/2024\/09\/fotka-3-1024x576.png\" alt=\"Deti v materskej \u0161kole zdv\u00edhaj\u00fa ruky po\u010das interakt\u00edvnej v\u00fdu\u010dby s pani u\u010dite\u013ekou\" class=\"wp-image-8627\" srcset=\"https:\/\/littlebig.sk\/wp-content\/uploads\/2024\/09\/fotka-3-1024x576.png 1024w, https:\/\/littlebig.sk\/wp-content\/uploads\/2024\/09\/fotka-3-300x169.png 300w, https:\/\/littlebig.sk\/wp-content\/uploads\/2024\/09\/fotka-3-768x432.png 768w, https:\/\/littlebig.sk\/wp-content\/uploads\/2024\/09\/fotka-3-1536x864.png 1536w, https:\/\/littlebig.sk\/wp-content\/uploads\/2024\/09\/fotka-3-18x10.png 18w, https:\/\/littlebig.sk\/wp-content\/uploads\/2024\/09\/fotka-3.png 1920w\" sizes=\"(max-width: 1024px) 100vw, 1024px\" \/><\/figure>\n\n\n\n<p class=\"has-text-align-center has-small-font-size\"><a href=\"https:\/\/www.freepik.com\/free-photo\/front-view-children-playing-together-kindergarten_9571083.htm#fromView=search&amp;page=1&amp;position=8&amp;uuid=79157b36-624d-4df6-93f9-6ebbdea7bc52\">Zdroj ilustra\u010dnej fotografie<\/a><\/p>\n\n\n\n<h2 class=\"wp-block-heading\">D\u00f4le\u017eitos\u0165 komunik\u00e1cie s die\u0165a\u0165om<\/h2>\n\n\n\n<p>Komunik\u00e1cia je z\u00e1kladom \u00faspe\u0161nej adapt\u00e1cie. Die\u0165a by malo vedie\u0165, \u010do m\u00f4\u017ee o\u010dak\u00e1va\u0165, aby sa c\u00edtilo pripraven\u00e9 a menej nerv\u00f3zne. Rodi\u010dia by mali s die\u0165a\u0165om hovori\u0165 pravdivo a vysvetli\u0165 mu, kedy pre neho pr\u00eddu. T\u00fdm sa minimalizuje pocit neistoty a zm\u00e4tku.&nbsp;<strong>Deti s\u00fa ve\u013emi vn\u00edmav\u00e9 na ne\u00faprimnos\u0165, preto je d\u00f4le\u017eit\u00e9 neklama\u0165 im ani v mal\u00fdch veciach.<\/strong><\/p>\n\n\n\n<h2 class=\"wp-block-heading\">Emocion\u00e1lne potreby die\u0165a\u0165a po\u010das adapt\u00e1cie<\/h2>\n\n\n\n<p>Ka\u017ed\u00e9 die\u0165a prech\u00e1dza adapta\u010dn\u00fdm obdob\u00edm individu\u00e1lne. Je d\u00f4le\u017eit\u00e9, aby rodi\u010dia a pedag\u00f3govia boli citliv\u00ed na jeho emocion\u00e1lne potreby. Niekedy m\u00f4\u017ee die\u0165a po pr\u00edchode zo \u0161k\u00f4lky vy\u017eadova\u0165 viac pozornosti alebo sa vraca\u0165 k n\u00e1vykom, ktor\u00e9 u\u017e predt\u00fdm zvl\u00e1dalo samo. Tento regres je norm\u00e1lnou s\u00fa\u010das\u0165ou procesu adapt\u00e1cie a je d\u00f4le\u017eit\u00e9 reagova\u0165 na\u0148 s pochopen\u00edm a podporou.<\/p>\n\n\n\n<h2 class=\"wp-block-heading\">Be\u017en\u00e9 v\u00fdzvy po\u010das adapt\u00e1cie die\u0165a\u0165a v materskej \u0161kole<\/h2>\n\n\n\n<p>Ka\u017ed\u00e9 die\u0165a reaguje na nov\u00e9 prostredie inak. Niektor\u00e9 deti sa zadaptuj\u00fa ve\u013emi r\u00fdchlo, in\u00e9 potrebuj\u00fa viac \u010dasu. Be\u017en\u00e9 v\u00fdzvy, s ktor\u00fdmi sa rodi\u010dia m\u00f4\u017eu stretn\u00fa\u0165, zah\u0155\u0148aj\u00fa pla\u010d pri odchode rodi\u010da, odmietanie chodi\u0165 do \u0161k\u00f4lky alebo probl\u00e9my so span\u00edm. Tieto situ\u00e1cie s\u00fa norm\u00e1lne a postupne, s podporou rodi\u010dov a pedag\u00f3gov, zmizn\u00fa.<\/p>\n\n\n\n<p>Pedag\u00f3govia zohr\u00e1vaj\u00fa k\u013e\u00fa\u010dov\u00fa \u00falohu v procese adapt\u00e1cie die\u0165a\u0165a. Ich \u00falohou je vytvori\u0165 bezpe\u010dn\u00e9 a podnetn\u00e9 prostredie, kde sa die\u0165a c\u00edti chr\u00e1nen\u00e9 a pochopen\u00e9. Z\u00e1rove\u0148 je d\u00f4le\u017eit\u00e9, aby pedag\u00f3govia re\u0161pektovali individu\u00e1lne potreby ka\u017ed\u00e9ho die\u0165a\u0165a a prisp\u00f4sobili svoj pr\u00edstup jeho osobitostiam.<\/p>\n\n\n\n<p>Jednou z v\u00fdznamn\u00fdch \u00faloh \u0161k\u00f4lky je podpora soci\u00e1lneho rozvoja die\u0165a\u0165a. Organizovanie hier a aktiv\u00edt, ktor\u00e9 podporuj\u00fa spolupr\u00e1cu medzi de\u0165mi, je k\u013e\u00fa\u010dov\u00e9 pre vytv\u00e1ranie priate\u013estiev a soci\u00e1lnej integr\u00e1cie. Rodi\u010dia m\u00f4\u017eu tento proces podpori\u0165 t\u00fdm, \u017ee die\u0165a\u0165u umo\u017enia pravideln\u00e9 stretnutia s rovesn\u00edkmi aj mimo \u0161k\u00f4lky.<\/p>\n\n\n\n<figure class=\"wp-block-image size-large\"><img decoding=\"async\" width=\"1024\" height=\"576\" src=\"https:\/\/littlebig.sk\/wp-content\/uploads\/2024\/09\/fotka-2-1024x576.png\" alt=\"Deti v materskej \u0161kole zdv\u00edhaj\u00fa ruky po\u010das interakt\u00edvnej v\u00fdu\u010dby s pani u\u010dite\u013ekou\" class=\"wp-image-8626\" srcset=\"https:\/\/littlebig.sk\/wp-content\/uploads\/2024\/09\/fotka-2-1024x576.png 1024w, https:\/\/littlebig.sk\/wp-content\/uploads\/2024\/09\/fotka-2-300x169.png 300w, https:\/\/littlebig.sk\/wp-content\/uploads\/2024\/09\/fotka-2-768x432.png 768w, https:\/\/littlebig.sk\/wp-content\/uploads\/2024\/09\/fotka-2-1536x864.png 1536w, https:\/\/littlebig.sk\/wp-content\/uploads\/2024\/09\/fotka-2-18x10.png 18w, https:\/\/littlebig.sk\/wp-content\/uploads\/2024\/09\/fotka-2.png 1920w\" sizes=\"(max-width: 1024px) 100vw, 1024px\" \/><\/figure>\n\n\n\n<p class=\"has-text-align-center has-small-font-size\"><a href=\"https:\/\/www.freepik.com\/free-photo\/profile-view-group-preschool-students-raising-their-hands-trying-participate-school_27999032.htm#fromView=search&amp;page=1&amp;position=12&amp;uuid=676b1037-6087-4b75-95bd-4120c75c5a0c\">Zdroj ilustra\u010dnej fotografie<\/a><\/p>\n\n\n\n<h2 class=\"wp-block-heading\">V\u00fdznam rut\u00edn a zvl\u00e1dnutie odl\u00fa\u010denia od rodi\u010dov<\/h2>\n\n\n\n<p>Ritu\u00e1ly a rutiny maj\u00fa v \u017eivote die\u0165a\u0165a nezastupite\u013en\u00e9 miesto. Pom\u00e1haj\u00fa mu c\u00edti\u0165 sa bezpe\u010dne a zorientova\u0165 sa v novom prostred\u00ed. Ka\u017edodenn\u00e9 \u010dinnosti, ako je napr\u00edklad rann\u00e9 priv\u00edtanie, spolo\u010dn\u00e9 ra\u0148ajky alebo ob\u013e\u00faben\u00e1 hra, vytv\u00e1raj\u00fa pre die\u0165a predv\u00eddate\u013en\u00fa \u0161trukt\u00faru, ktor\u00e1 mu pom\u00e1ha zvl\u00e1dnu\u0165 prechod do \u0161k\u00f4lky.<br><br>Odl\u00fa\u010denie od rodi\u010dov m\u00f4\u017ee by\u0165 pre die\u0165a jednou z najv\u00e4\u010d\u0161\u00edch v\u00fdziev. Aby sa die\u0165a c\u00edtilo bezpe\u010dne, je d\u00f4le\u017eit\u00e9, aby vedelo, kedy sa rodi\u010d vr\u00e1ti. Kr\u00e1tke a upokojuj\u00face rozl\u00fa\u010dky, ktor\u00e9 sa stan\u00fa rutinou, m\u00f4\u017eu v\u00fdrazne zn\u00ed\u017ei\u0165 \u00fazkos\u0165 spojen\u00fa s odl\u00fa\u010den\u00edm.<\/p>\n\n\n\n<figure class=\"wp-block-embed is-type-video is-provider-youtube wp-block-embed-youtube wp-embed-aspect-16-9 wp-has-aspect-ratio\"><div class=\"wp-block-embed__wrapper\">\n<div class=\"ast-oembed-container\" style=\"height: 100%;\"><iframe title=\"Adapt\u00e1cia Die\u0165a\u0165a v Materskej \u0160kole: Ako Zvl\u00e1dnu\u0165 Bezpe\u010dn\u00e9 a \u0160\u0165astn\u00e9 Za\u010dlenenie Do Kolekt\u00edvu?\" width=\"500\" height=\"281\" src=\"https:\/\/www.youtube.com\/embed\/M3pePZ-sV8E?feature=oembed\" frameborder=\"0\" allow=\"accelerometer; autoplay; clipboard-write; encrypted-media; gyroscope; picture-in-picture; web-share\" referrerpolicy=\"strict-origin-when-cross-origin\" allowfullscreen><\/iframe><\/div>\n<\/div><\/figure>\n\n\n\n<h2 class=\"wp-block-heading\">Zvl\u00e1dnutie adapta\u010dn\u00e9ho obdobia<\/h2>\n\n\n\n<p>Adapt\u00e1cia je proces, ktor\u00fd si vy\u017eaduje \u010das a trpezlivos\u0165. Medzi osved\u010den\u00e9 strat\u00e9gie patr\u00ed vytvorenie predv\u00eddate\u013enej dennej rutiny, ktor\u00e1 pom\u00e1ha die\u0165a\u0165u c\u00edti\u0165 sa bezpe\u010dne a zorientova\u0165 sa. Rodi\u010dia by mali r\u00e1no priv\u00e1dza\u0165 die\u0165a do \u0161k\u00f4lky v rovnakom \u010dase a dodr\u017eiava\u0165 kr\u00e1tku rozl\u00fa\u010dku, ktor\u00e1 sa stane ritu\u00e1lom. Tento ritu\u00e1l d\u00e1va die\u0165a\u0165u pocit istoty a stability.<\/p>\n\n\n\n<h2 class=\"wp-block-heading\">Ako hodnoti\u0165 \u00faspe\u0161nos\u0165 adapt\u00e1cie<\/h2>\n\n\n\n<p>\u00daspe\u0161nos\u0165 adapt\u00e1cie sa d\u00e1 hodnoti\u0165 na z\u00e1klade nieko\u013ek\u00fdch indik\u00e1torov. Medzi ne patr\u00ed spokojnos\u0165 die\u0165a\u0165a v \u0161k\u00f4lke, jeho ochota z\u00fa\u010dast\u0148ova\u0165 sa na aktivit\u00e1ch, schopnos\u0165 nadv\u00e4zova\u0165 vz\u0165ahy s rovesn\u00edkmi a celkov\u00e1 emocion\u00e1lna stabilita. Rodi\u010dia by mali sledova\u0165 tieto znaky a v pr\u00edpade potreby konzultova\u0165 s pedag\u00f3gmi.<br><br>Adapt\u00e1cia die\u0165a\u0165a v materskej \u0161kole je proces, ktor\u00fd si vy\u017eaduje \u010das, trpezlivos\u0165 a spolupr\u00e1cu medzi rodi\u010dmi a pedag\u00f3gmi. \u00daspe\u0161n\u00e1 adapt\u00e1cia je k\u013e\u00fa\u010dom k tomu, aby sa die\u0165a c\u00edtilo bezpe\u010dne a spokojne v novom prostred\u00ed. D\u00f4vera, otvoren\u00e1 komunik\u00e1cia a individu\u00e1lny pr\u00edstup s\u00fa z\u00e1kladn\u00e9 prvky, ktor\u00e9 tento proces podporuj\u00fa.<\/p>","protected":false},"excerpt":{"rendered":"<p>Adapt\u00e1cia die\u0165a\u0165a v materskej \u0161kole je jedn\u00fdm z najd\u00f4le\u017eitej\u0161\u00edch m\u00ed\u013enikov v \u017eivote celej rodiny. Toto obdobie prin\u00e1\u0161a so sebou nielen radosti, ale aj v\u00fdzvy, ktor\u00e9 si vy\u017eaduj\u00fa citliv\u00fd pr\u00edstup od rodi\u010dov aj od pedagogick\u00fdch pracovn\u00edkov. Ide o proces, ktor\u00fd zah\u0155\u0148a [&hellip;]<\/p>","protected":false},"author":1,"featured_media":8625,"comment_status":"closed","ping_status":"open","sticky":false,"template":"","format":"standard","meta":{"site-sidebar-layout":"default","site-content-layout":"","ast-site-content-layout":"default","site-content-style":"default","site-sidebar-style":"default","ast-global-header-display":"","ast-banner-title-visibility":"","ast-main-header-display":"","ast-hfb-above-header-display":"","ast-hfb-below-header-display":"","ast-hfb-mobile-header-display":"","site-post-title":"","ast-breadcrumbs-content":"","ast-featured-img":"","footer-sml-layout":"","theme-transparent-header-meta":"","adv-header-id-meta":"","stick-header-meta":"","header-above-stick-meta":"","header-main-stick-meta":"","header-below-stick-meta":"","astra-migrate-meta-layouts":"set","ast-page-background-enabled":"default","ast-page-background-meta":{"desktop":{"background-color":"var(--ast-global-color-4)","background-image":"","background-repeat":"repeat","background-position":"center center","background-size":"auto","background-attachment":"scroll","background-type":"","background-media":"","overlay-type":"","overlay-color":"","overlay-opacity":"","overlay-gradient":""},"tablet":{"background-color":"","background-image":"","background-repeat":"repeat","background-position":"center center","background-size":"auto","background-attachment":"scroll","background-type":"","background-media":"","overlay-type":"","overlay-color":"","overlay-opacity":"","overlay-gradient":""},"mobile":{"background-color":"","background-image":"","background-repeat":"repeat","background-position":"center center","background-size":"auto","background-attachment":"scroll","background-type":"","background-media":"","overlay-type":"","overlay-color":"","overlay-opacity":"","overlay-gradient":""}},"ast-content-background-meta":{"desktop":{"background-color":"var(--ast-global-color-5)","background-image":"","background-repeat":"repeat","background-position":"center center","background-size":"auto","background-attachment":"scroll","background-type":"","background-media":"","overlay-type":"","overlay-color":"","overlay-opacity":"","overlay-gradient":""},"tablet":{"background-color":"var(--ast-global-color-5)","background-image":"","background-repeat":"repeat","background-position":"center center","background-size":"auto","background-attachment":"scroll","background-type":"","background-media":"","overlay-type":"","overlay-color":"","overlay-opacity":"","overlay-gradient":""},"mobile":{"background-color":"var(--ast-global-color-5)","background-image":"","background-repeat":"repeat","background-position":"center center","background-size":"auto","background-attachment":"scroll","background-type":"","background-media":"","overlay-type":"","overlay-color":"","overlay-opacity":"","overlay-gradient":""}},"footnotes":""},"categories":[1],"tags":[],"class_list":["post-8621","post","type-post","status-publish","format-standard","has-post-thumbnail","hentry","category-blog"],"yoast_head":"<!-- This site is optimized with the Yoast SEO plugin v23.7 - https:\/\/yoast.com\/wordpress\/plugins\/seo\/ -->\n<title>Adapt\u00e1cia die\u0165a\u0165a v materskej \u0161kole &#8212; \u0160k\u00f4lka littleBIG<\/title>\n<meta name=\"description\" content=\"Adapt\u00e1cia die\u0165a\u0165a v materskej \u0161kole: Pre\u010do je adapta\u010dn\u00e9 obdobie d\u00f4le\u017eit\u00e9 a ako m\u00f4\u017eeme spolo\u010dne zabezpe\u010di\u0165 \u00faspe\u0161n\u00fa adapt\u00e1ciu die\u0165a\u0165a?\" \/>\n<meta name=\"robots\" content=\"index, follow, max-snippet:-1, max-image-preview:large, max-video-preview:-1\" \/>\n<link rel=\"canonical\" href=\"https:\/\/littlebig.sk\/en\/adaptacia-dietata-pri-nastupe-do-materskej-skoly\/\" \/>\n<meta property=\"og:locale\" content=\"en_GB\" \/>\n<meta property=\"og:type\" content=\"article\" \/>\n<meta property=\"og:title\" content=\"Adapt\u00e1cia die\u0165a\u0165a v materskej \u0161kole &#8212; \u0160k\u00f4lka littleBIG\" \/>\n<meta property=\"og:description\" content=\"Adapt\u00e1cia die\u0165a\u0165a v materskej \u0161kole: Pre\u010do je adapta\u010dn\u00e9 obdobie d\u00f4le\u017eit\u00e9 a ako m\u00f4\u017eeme spolo\u010dne zabezpe\u010di\u0165 \u00faspe\u0161n\u00fa adapt\u00e1ciu die\u0165a\u0165a?\" \/>\n<meta property=\"og:url\" content=\"https:\/\/littlebig.sk\/en\/adaptacia-dietata-pri-nastupe-do-materskej-skoly\/\" \/>\n<meta property=\"og:site_name\" content=\"littleBIG\" \/>\n<meta property=\"article:publisher\" content=\"https:\/\/www.facebook.com\/littlebigba\" \/>\n<meta property=\"article:published_time\" content=\"2024-09-01T20:12:30+00:00\" \/>\n<meta property=\"article:modified_time\" content=\"2024-09-03T08:50:52+00:00\" \/>\n<meta property=\"og:image\" content=\"https:\/\/littlebig.sk\/wp-content\/uploads\/2024\/09\/fotka-1_-1024x576.png\" \/>\n\t<meta property=\"og:image:width\" content=\"1024\" \/>\n\t<meta property=\"og:image:height\" content=\"576\" \/>\n\t<meta property=\"og:image:type\" content=\"image\/png\" \/>\n<meta name=\"author\" content=\"PhDr. Ivana Kalisk\u00e1 Klapkov\u00e1\" \/>\n<meta name=\"twitter:card\" content=\"summary_large_image\" \/>\n<meta name=\"twitter:label1\" content=\"Written by\" \/>\n\t<meta name=\"twitter:data1\" content=\"PhDr. Ivana Kalisk\u00e1 Klapkov\u00e1\" \/>\n\t<meta name=\"twitter:label2\" content=\"Estimated reading time\" \/>\n\t<meta name=\"twitter:data2\" content=\"6 minutes\" \/>\n<script type=\"application\/ld+json\" class=\"yoast-schema-graph\">{\"@context\":\"https:\/\/schema.org\",\"@graph\":[{\"@type\":\"Article\",\"@id\":\"https:\/\/littlebig.sk\/adaptacia-dietata-pri-nastupe-do-materskej-skoly\/#article\",\"isPartOf\":{\"@id\":\"https:\/\/littlebig.sk\/adaptacia-dietata-pri-nastupe-do-materskej-skoly\/\"},\"author\":{\"name\":\"PhDr. Ivana Kalisk\u00e1 Klapkov\u00e1\",\"@id\":\"https:\/\/littlebig.sk\/#\/schema\/person\/73aaec86f012f16562382bcb65f0841f\"},\"headline\":\"Adapt\u00e1cia die\u0165a\u0165a v materskej \u0161kole\",\"datePublished\":\"2024-09-01T20:12:30+00:00\",\"dateModified\":\"2024-09-03T08:50:52+00:00\",\"mainEntityOfPage\":{\"@id\":\"https:\/\/littlebig.sk\/adaptacia-dietata-pri-nastupe-do-materskej-skoly\/\"},\"wordCount\":1190,\"publisher\":{\"@id\":\"https:\/\/littlebig.sk\/#organization\"},\"image\":{\"@id\":\"https:\/\/littlebig.sk\/adaptacia-dietata-pri-nastupe-do-materskej-skoly\/#primaryimage\"},\"thumbnailUrl\":\"https:\/\/littlebig.sk\/wp-content\/uploads\/2024\/09\/fotka-1_.png\",\"articleSection\":[\"Blogov\u00e9 \u010dl\u00e1nky\"],\"inLanguage\":\"en-GB\"},{\"@type\":\"WebPage\",\"@id\":\"https:\/\/littlebig.sk\/adaptacia-dietata-pri-nastupe-do-materskej-skoly\/\",\"url\":\"https:\/\/littlebig.sk\/adaptacia-dietata-pri-nastupe-do-materskej-skoly\/\",\"name\":\"Adapt\u00e1cia die\u0165a\u0165a v materskej \u0161kole &#8212; \u0160k\u00f4lka littleBIG\",\"isPartOf\":{\"@id\":\"https:\/\/littlebig.sk\/#website\"},\"primaryImageOfPage\":{\"@id\":\"https:\/\/littlebig.sk\/adaptacia-dietata-pri-nastupe-do-materskej-skoly\/#primaryimage\"},\"image\":{\"@id\":\"https:\/\/littlebig.sk\/adaptacia-dietata-pri-nastupe-do-materskej-skoly\/#primaryimage\"},\"thumbnailUrl\":\"https:\/\/littlebig.sk\/wp-content\/uploads\/2024\/09\/fotka-1_.png\",\"datePublished\":\"2024-09-01T20:12:30+00:00\",\"dateModified\":\"2024-09-03T08:50:52+00:00\",\"description\":\"Adapt\u00e1cia die\u0165a\u0165a v materskej \u0161kole: Pre\u010do je adapta\u010dn\u00e9 obdobie d\u00f4le\u017eit\u00e9 a ako m\u00f4\u017eeme spolo\u010dne zabezpe\u010di\u0165 \u00faspe\u0161n\u00fa adapt\u00e1ciu die\u0165a\u0165a?\",\"breadcrumb\":{\"@id\":\"https:\/\/littlebig.sk\/adaptacia-dietata-pri-nastupe-do-materskej-skoly\/#breadcrumb\"},\"inLanguage\":\"en-GB\",\"potentialAction\":[{\"@type\":\"ReadAction\",\"target\":[\"https:\/\/littlebig.sk\/adaptacia-dietata-pri-nastupe-do-materskej-skoly\/\"]}]},{\"@type\":\"ImageObject\",\"inLanguage\":\"en-GB\",\"@id\":\"https:\/\/littlebig.sk\/adaptacia-dietata-pri-nastupe-do-materskej-skoly\/#primaryimage\",\"url\":\"https:\/\/littlebig.sk\/wp-content\/uploads\/2024\/09\/fotka-1_.png\",\"contentUrl\":\"https:\/\/littlebig.sk\/wp-content\/uploads\/2024\/09\/fotka-1_.png\",\"width\":1920,\"height\":1080,\"caption\":\"Deti sa Hraj\u00fa s Dreven\u00fdmi Hra\u010dkami\"},{\"@type\":\"BreadcrumbList\",\"@id\":\"https:\/\/littlebig.sk\/adaptacia-dietata-pri-nastupe-do-materskej-skoly\/#breadcrumb\",\"itemListElement\":[{\"@type\":\"ListItem\",\"position\":1,\"name\":\"Domovsk\u00e1 str\u00e1nka\",\"item\":\"https:\/\/littlebig.sk\/\"},{\"@type\":\"ListItem\",\"position\":2,\"name\":\"Adapt\u00e1cia die\u0165a\u0165a v materskej \u0161kole\"}]},{\"@type\":\"WebSite\",\"@id\":\"https:\/\/littlebig.sk\/#website\",\"url\":\"https:\/\/littlebig.sk\/\",\"name\":\"littleBIG\",\"description\":\"Denne tvor\u00edme kr\u00e1sne detstvo\",\"publisher\":{\"@id\":\"https:\/\/littlebig.sk\/#organization\"},\"potentialAction\":[{\"@type\":\"SearchAction\",\"target\":{\"@type\":\"EntryPoint\",\"urlTemplate\":\"https:\/\/littlebig.sk\/?s={search_term_string}\"},\"query-input\":{\"@type\":\"PropertyValueSpecification\",\"valueRequired\":true,\"valueName\":\"search_term_string\"}}],\"inLanguage\":\"en-GB\"},{\"@type\":\"Organization\",\"@id\":\"https:\/\/littlebig.sk\/#organization\",\"name\":\"LittleBig\",\"url\":\"https:\/\/littlebig.sk\/\",\"logo\":{\"@type\":\"ImageObject\",\"inLanguage\":\"en-GB\",\"@id\":\"https:\/\/littlebig.sk\/#\/schema\/logo\/image\/\",\"url\":\"https:\/\/littlebig.sk\/wp-content\/uploads\/2022\/06\/littlebig_logo.svg\",\"contentUrl\":\"https:\/\/littlebig.sk\/wp-content\/uploads\/2022\/06\/littlebig_logo.svg\",\"width\":403,\"height\":123,\"caption\":\"LittleBig\"},\"image\":{\"@id\":\"https:\/\/littlebig.sk\/#\/schema\/logo\/image\/\"},\"sameAs\":[\"https:\/\/www.facebook.com\/littlebigba\",\"https:\/\/www.instagram.com\/skolka_littlebig\/\"]},{\"@type\":\"Person\",\"@id\":\"https:\/\/littlebig.sk\/#\/schema\/person\/73aaec86f012f16562382bcb65f0841f\",\"name\":\"PhDr. Ivana Kalisk\u00e1 Klapkov\u00e1\",\"image\":{\"@type\":\"ImageObject\",\"inLanguage\":\"en-GB\",\"@id\":\"https:\/\/littlebig.sk\/#\/schema\/person\/image\/\",\"url\":\"https:\/\/secure.gravatar.com\/avatar\/c5e3ccad238b550de7ca79cbaaabbdab42caa75676a995d92a667fe5f78d0e6f?s=96&d=mm&r=g\",\"contentUrl\":\"https:\/\/secure.gravatar.com\/avatar\/c5e3ccad238b550de7ca79cbaaabbdab42caa75676a995d92a667fe5f78d0e6f?s=96&d=mm&r=g\",\"caption\":\"PhDr. Ivana Kalisk\u00e1 Klapkov\u00e1\"},\"sameAs\":[\"https:\/\/littlebig.sk\"],\"url\":\"https:\/\/littlebig.sk\/en\/author\/admin\/\"}]}<\/script>\n<!-- \/ Yoast SEO plugin. -->","yoast_head_json":{"title":"Adapt\u00e1cia die\u0165a\u0165a v materskej \u0161kole &#8212; \u0160k\u00f4lka littleBIG","description":"Adapt\u00e1cia die\u0165a\u0165a v materskej \u0161kole: Pre\u010do je adapta\u010dn\u00e9 obdobie d\u00f4le\u017eit\u00e9 a ako m\u00f4\u017eeme spolo\u010dne zabezpe\u010di\u0165 \u00faspe\u0161n\u00fa adapt\u00e1ciu die\u0165a\u0165a?","robots":{"index":"index","follow":"follow","max-snippet":"max-snippet:-1","max-image-preview":"max-image-preview:large","max-video-preview":"max-video-preview:-1"},"canonical":"https:\/\/littlebig.sk\/en\/adaptacia-dietata-pri-nastupe-do-materskej-skoly\/","og_locale":"en_GB","og_type":"article","og_title":"Adapt\u00e1cia die\u0165a\u0165a v materskej \u0161kole &#8212; \u0160k\u00f4lka littleBIG","og_description":"Adapt\u00e1cia die\u0165a\u0165a v materskej \u0161kole: Pre\u010do je adapta\u010dn\u00e9 obdobie d\u00f4le\u017eit\u00e9 a ako m\u00f4\u017eeme spolo\u010dne zabezpe\u010di\u0165 \u00faspe\u0161n\u00fa adapt\u00e1ciu die\u0165a\u0165a?","og_url":"https:\/\/littlebig.sk\/en\/adaptacia-dietata-pri-nastupe-do-materskej-skoly\/","og_site_name":"littleBIG","article_publisher":"https:\/\/www.facebook.com\/littlebigba","article_published_time":"2024-09-01T20:12:30+00:00","article_modified_time":"2024-09-03T08:50:52+00:00","og_image":[{"width":1024,"height":576,"url":"https:\/\/littlebig.sk\/wp-content\/uploads\/2024\/09\/fotka-1_-1024x576.png","type":"image\/png"}],"author":"PhDr. Ivana Kalisk\u00e1 Klapkov\u00e1","twitter_card":"summary_large_image","twitter_misc":{"Written by":"PhDr. Ivana Kalisk\u00e1 Klapkov\u00e1","Estimated reading time":"6 minutes"},"schema":{"@context":"https:\/\/schema.org","@graph":[{"@type":"Article","@id":"https:\/\/littlebig.sk\/adaptacia-dietata-pri-nastupe-do-materskej-skoly\/#article","isPartOf":{"@id":"https:\/\/littlebig.sk\/adaptacia-dietata-pri-nastupe-do-materskej-skoly\/"},"author":{"name":"PhDr. Ivana Kalisk\u00e1 Klapkov\u00e1","@id":"https:\/\/littlebig.sk\/#\/schema\/person\/73aaec86f012f16562382bcb65f0841f"},"headline":"Adapt\u00e1cia die\u0165a\u0165a v materskej \u0161kole","datePublished":"2024-09-01T20:12:30+00:00","dateModified":"2024-09-03T08:50:52+00:00","mainEntityOfPage":{"@id":"https:\/\/littlebig.sk\/adaptacia-dietata-pri-nastupe-do-materskej-skoly\/"},"wordCount":1190,"publisher":{"@id":"https:\/\/littlebig.sk\/#organization"},"image":{"@id":"https:\/\/littlebig.sk\/adaptacia-dietata-pri-nastupe-do-materskej-skoly\/#primaryimage"},"thumbnailUrl":"https:\/\/littlebig.sk\/wp-content\/uploads\/2024\/09\/fotka-1_.png","articleSection":["Blogov\u00e9 \u010dl\u00e1nky"],"inLanguage":"en-GB"},{"@type":"WebPage","@id":"https:\/\/littlebig.sk\/adaptacia-dietata-pri-nastupe-do-materskej-skoly\/","url":"https:\/\/littlebig.sk\/adaptacia-dietata-pri-nastupe-do-materskej-skoly\/","name":"Adapt\u00e1cia die\u0165a\u0165a v materskej \u0161kole &#8212; \u0160k\u00f4lka littleBIG","isPartOf":{"@id":"https:\/\/littlebig.sk\/#website"},"primaryImageOfPage":{"@id":"https:\/\/littlebig.sk\/adaptacia-dietata-pri-nastupe-do-materskej-skoly\/#primaryimage"},"image":{"@id":"https:\/\/littlebig.sk\/adaptacia-dietata-pri-nastupe-do-materskej-skoly\/#primaryimage"},"thumbnailUrl":"https:\/\/littlebig.sk\/wp-content\/uploads\/2024\/09\/fotka-1_.png","datePublished":"2024-09-01T20:12:30+00:00","dateModified":"2024-09-03T08:50:52+00:00","description":"Adapt\u00e1cia die\u0165a\u0165a v materskej \u0161kole: Pre\u010do je adapta\u010dn\u00e9 obdobie d\u00f4le\u017eit\u00e9 a ako m\u00f4\u017eeme spolo\u010dne zabezpe\u010di\u0165 \u00faspe\u0161n\u00fa adapt\u00e1ciu die\u0165a\u0165a?","breadcrumb":{"@id":"https:\/\/littlebig.sk\/adaptacia-dietata-pri-nastupe-do-materskej-skoly\/#breadcrumb"},"inLanguage":"en-GB","potentialAction":[{"@type":"ReadAction","target":["https:\/\/littlebig.sk\/adaptacia-dietata-pri-nastupe-do-materskej-skoly\/"]}]},{"@type":"ImageObject","inLanguage":"en-GB","@id":"https:\/\/littlebig.sk\/adaptacia-dietata-pri-nastupe-do-materskej-skoly\/#primaryimage","url":"https:\/\/littlebig.sk\/wp-content\/uploads\/2024\/09\/fotka-1_.png","contentUrl":"https:\/\/littlebig.sk\/wp-content\/uploads\/2024\/09\/fotka-1_.png","width":1920,"height":1080,"caption":"Deti sa Hraj\u00fa s Dreven\u00fdmi Hra\u010dkami"},{"@type":"BreadcrumbList","@id":"https:\/\/littlebig.sk\/adaptacia-dietata-pri-nastupe-do-materskej-skoly\/#breadcrumb","itemListElement":[{"@type":"ListItem","position":1,"name":"Domovsk\u00e1 str\u00e1nka","item":"https:\/\/littlebig.sk\/"},{"@type":"ListItem","position":2,"name":"Adapt\u00e1cia die\u0165a\u0165a v materskej \u0161kole"}]},{"@type":"WebSite","@id":"https:\/\/littlebig.sk\/#website","url":"https:\/\/littlebig.sk\/","name":"littleBIG","description":"Denne tvor\u00edme kr\u00e1sne detstvo","publisher":{"@id":"https:\/\/littlebig.sk\/#organization"},"potentialAction":[{"@type":"SearchAction","target":{"@type":"EntryPoint","urlTemplate":"https:\/\/littlebig.sk\/?s={search_term_string}"},"query-input":{"@type":"PropertyValueSpecification","valueRequired":true,"valueName":"search_term_string"}}],"inLanguage":"en-GB"},{"@type":"Organization","@id":"https:\/\/littlebig.sk\/#organization","name":"LittleBig","url":"https:\/\/littlebig.sk\/","logo":{"@type":"ImageObject","inLanguage":"en-GB","@id":"https:\/\/littlebig.sk\/#\/schema\/logo\/image\/","url":"https:\/\/littlebig.sk\/wp-content\/uploads\/2022\/06\/littlebig_logo.svg","contentUrl":"https:\/\/littlebig.sk\/wp-content\/uploads\/2022\/06\/littlebig_logo.svg","width":403,"height":123,"caption":"LittleBig"},"image":{"@id":"https:\/\/littlebig.sk\/#\/schema\/logo\/image\/"},"sameAs":["https:\/\/www.facebook.com\/littlebigba","https:\/\/www.instagram.com\/skolka_littlebig\/"]},{"@type":"Person","@id":"https:\/\/littlebig.sk\/#\/schema\/person\/73aaec86f012f16562382bcb65f0841f","name":"PhDr. Ivana Kalisk\u00e1 Klapkov\u00e1","image":{"@type":"ImageObject","inLanguage":"en-GB","@id":"https:\/\/littlebig.sk\/#\/schema\/person\/image\/","url":"https:\/\/secure.gravatar.com\/avatar\/c5e3ccad238b550de7ca79cbaaabbdab42caa75676a995d92a667fe5f78d0e6f?s=96&d=mm&r=g","contentUrl":"https:\/\/secure.gravatar.com\/avatar\/c5e3ccad238b550de7ca79cbaaabbdab42caa75676a995d92a667fe5f78d0e6f?s=96&d=mm&r=g","caption":"PhDr. Ivana Kalisk\u00e1 Klapkov\u00e1"},"sameAs":["https:\/\/littlebig.sk"],"url":"https:\/\/littlebig.sk\/en\/author\/admin\/"}]}},"_links":{"self":[{"href":"https:\/\/littlebig.sk\/en\/wp-json\/wp\/v2\/posts\/8621","targetHints":{"allow":["GET"]}}],"collection":[{"href":"https:\/\/littlebig.sk\/en\/wp-json\/wp\/v2\/posts"}],"about":[{"href":"https:\/\/littlebig.sk\/en\/wp-json\/wp\/v2\/types\/post"}],"author":[{"embeddable":true,"href":"https:\/\/littlebig.sk\/en\/wp-json\/wp\/v2\/users\/1"}],"replies":[{"embeddable":true,"href":"https:\/\/littlebig.sk\/en\/wp-json\/wp\/v2\/comments?post=8621"}],"version-history":[{"count":4,"href":"https:\/\/littlebig.sk\/en\/wp-json\/wp\/v2\/posts\/8621\/revisions"}],"predecessor-version":[{"id":8642,"href":"https:\/\/littlebig.sk\/en\/wp-json\/wp\/v2\/posts\/8621\/revisions\/8642"}],"wp:featuredmedia":[{"embeddable":true,"href":"https:\/\/littlebig.sk\/en\/wp-json\/wp\/v2\/media\/8625"}],"wp:attachment":[{"href":"https:\/\/littlebig.sk\/en\/wp-json\/wp\/v2\/media?parent=8621"}],"wp:term":[{"taxonomy":"category","embeddable":true,"href":"https:\/\/littlebig.sk\/en\/wp-json\/wp\/v2\/categories?post=8621"},{"taxonomy":"post_tag","embeddable":true,"href":"https:\/\/littlebig.sk\/en\/wp-json\/wp\/v2\/tags?post=8621"}],"curies":[{"name":"wp","href":"https:\/\/api.w.org\/{rel}","templated":true}]}}